{"id":38736,"date":"2025-03-25T14:36:29","date_gmt":"2025-03-25T14:36:29","guid":{"rendered":"https:\/\/www.fermentierra.com\/?p=38736"},"modified":"2025-03-26T17:46:44","modified_gmt":"2025-03-26T17:46:44","slug":"%f0%9f%8c%b1-le-pouvoir-de-la-fermentation-au-printemps","status":"publish","type":"post","link":"https:\/\/fermentierra.com\/de\/%f0%9f%8c%b1-le-pouvoir-de-la-fermentation-au-printemps\/","title":{"rendered":"\ud83c\udf31 Die Macht der Fermentation im Fr\u00fchling :"},"content":{"rendered":"<div class=\"wp-block-image\">\n<figure class=\"aligncenter size-large is-resized\"><img loading=\"lazy\" decoding=\"async\" width=\"1024\" height=\"681\" src=\"https:\/\/qb233zbtdie.preview.infomaniak.website\/wp-content\/uploads\/2025\/03\/salad-7249259_1280-1024x681.jpg\" alt=\"\" class=\"wp-image-38756\" style=\"width:389px;height:auto\" srcset=\"https:\/\/fermentierra.com\/wp-content\/uploads\/2025\/03\/salad-7249259_1280-1024x681.jpg 1024w, https:\/\/fermentierra.com\/wp-content\/uploads\/2025\/03\/salad-7249259_1280-600x399.jpg 600w, https:\/\/fermentierra.com\/wp-content\/uploads\/2025\/03\/salad-7249259_1280-300x199.jpg 300w, https:\/\/fermentierra.com\/wp-content\/uploads\/2025\/03\/salad-7249259_1280-768x511.jpg 768w, https:\/\/fermentierra.com\/wp-content\/uploads\/2025\/03\/salad-7249259_1280-18x12.jpg 18w, https:\/\/fermentierra.com\/wp-content\/uploads\/2025\/03\/salad-7249259_1280-96x64.jpg 96w, https:\/\/fermentierra.com\/wp-content\/uploads\/2025\/03\/salad-7249259_1280-42x28.jpg 42w, https:\/\/fermentierra.com\/wp-content\/uploads\/2025\/03\/salad-7249259_1280.jpg 1280w\" sizes=\"auto, (max-width: 1024px) 100vw, 1024px\" \/><\/figure>\n<\/div>\n\n\n<h1 class=\"wp-block-heading\">Eine lebendige Tradition auf Ihrem Teller<\/h1>\n\n\n\n<p class=\"\"><strong>Haben Sie in einer Zeit, in der die Natur zu neuem Leben erwacht, schon einmal daran gedacht, Ihrer Ern\u00e4hrung einen neuen Impuls zu geben?<\/strong><\/p>\n\n\n\n<p class=\"\"><br>Wir bei Fermentierra glauben, dass jede Jahreszeit eine Gelegenheit bietet, unseren K\u00f6rper auf andere Weise zu ern\u00e4hren. <strong>\ud83c\udf31 Die Macht der Fermentation im Fr\u00fchling <\/strong>va vous accompagner pour la sortie de l\u2019hibernation.<\/p>\n\n\n\n<h2 class=\"wp-block-heading\">\ud83c\udf3fFermentation: eine Verbindung zwischen den Jahreszeiten<\/h2>\n\n\n\n<p class=\"\">Wenn das Wintergem\u00fcse in den G\u00e4rungsprozess eintritt, beginnt eine langsame und nat\u00fcrliche Umwandlung. Dieses althergebrachte Wissen erm\u00f6glicht es, die Ernte voll zur Geltung zu bringen und gleichzeitig einzigartige und sich entwickelnde Geschmacksrichtungen zu kreieren.<\/p>\n\n\n\n<p class=\"\">Das Ergebnis? Kleine Gl\u00e4ser voller Pers\u00f6nlichkeit, die bereit sind, Ihre Teller zu erwecken und mit der R\u00fcckkehr der ersten Blumen neue Energie zu verspr\u00fchen. \ud83c\udf38\u2728<\/p>\n\n\n\n<p class=\"\">So erweisen sich diese Zubereitungen als ideal, um einer eher leichten und pflanzlichen K\u00fcche Nachdruck zu verleihen.<\/p>\n\n\n<div class=\"wp-block-image\">\n<figure class=\"aligncenter size-large is-resized\"><img loading=\"lazy\" decoding=\"async\" width=\"1024\" height=\"682\" src=\"https:\/\/qb233zbtdie.preview.infomaniak.website\/wp-content\/uploads\/2025\/03\/crocus-2139395_1280-1024x682.jpg\" alt=\"\" class=\"wp-image-38749\" style=\"width:383px;height:auto\" srcset=\"https:\/\/fermentierra.com\/wp-content\/uploads\/2025\/03\/crocus-2139395_1280-1024x682.jpg 1024w, https:\/\/fermentierra.com\/wp-content\/uploads\/2025\/03\/crocus-2139395_1280-600x400.jpg 600w, https:\/\/fermentierra.com\/wp-content\/uploads\/2025\/03\/crocus-2139395_1280-300x200.jpg 300w, https:\/\/fermentierra.com\/wp-content\/uploads\/2025\/03\/crocus-2139395_1280-768x512.jpg 768w, https:\/\/fermentierra.com\/wp-content\/uploads\/2025\/03\/crocus-2139395_1280-18x12.jpg 18w, https:\/\/fermentierra.com\/wp-content\/uploads\/2025\/03\/crocus-2139395_1280-96x64.jpg 96w, https:\/\/fermentierra.com\/wp-content\/uploads\/2025\/03\/crocus-2139395_1280-42x28.jpg 42w, https:\/\/fermentierra.com\/wp-content\/uploads\/2025\/03\/crocus-2139395_1280.jpg 1280w\" sizes=\"auto, (max-width: 1024px) 100vw, 1024px\" \/><\/figure>\n<\/div>\n\n\n<h2 class=\"wp-block-heading\">\ud83c\udf3fWarum sollte man im Fr\u00fchling fermentierte Lebensmittel zu sich nehmen?<\/h2>\n\n\n\n<p class=\"\">Alors que le printemps d\u00e9ploie ses couleurs et que la nature s\u2019\u00e9veille, notre corps, lui aussi, se met en mode \u00ab\u00a0renouveau\u00a0\u00bb. Les temp\u00e9ratures plus douces signalent \u00e0 notre organisme qu\u2019il est temps d\u2019entamer un processus naturel de d\u00e9toxification, une sorte de grand nettoyage interne. Pour accompagner ce processus en douceur et en profondeur, certains aliments sont particuli\u00e8rement b\u00e9n\u00e9fiques :<\/p>\n\n\n\n<ul class=\"wp-block-list\">\n<li class=\"\"><strong>ferment\u00e9s avec soin, les l\u00e9gumes deviennent des alli\u00e9s puissants. Ils peuvent faciliter la digestion et l\u2019assimilation des nutriments, all\u00e9geant ainsi le travail de l\u2019organisme<\/strong><\/li>\n\n\n\n<li class=\"\"><strong>reichlich gr\u00fcnes Gem\u00fcse :<\/strong> Sie sind reich an Chlorophyll, einem Pigment mit entgiftenden und sauerstoffspendenden Eigenschaften, und helfen, das Blut zu reinigen und die Zellen zu revitalisieren.<\/li>\n\n\n\n<li class=\"\"><strong>anregende Gew\u00fcrze kombinieren :<\/strong> Curcuma, gingembre, piment de Cayenne\u2026 Ces \u00e9pices peuvent favoriser l\u2019\u00e9limination des toxines et stimulent la r\u00e9g\u00e9n\u00e9ration des tissus.<\/li>\n<\/ul>\n\n\n\n<p class=\"\">Diese fr\u00fchlingshaften Lebensmittel - fermentiertes Gem\u00fcse, gr\u00fcnes Gem\u00fcse und Gew\u00fcrze - sind traditionell f\u00fcr ihre ern\u00e4hrungsphysiologischen Qualit\u00e4ten bekannt. Als Bestandteil einer abwechslungsreichen und ausgewogenen Ern\u00e4hrung k\u00f6nnen sie dazu beitragen, :<\/p>\n\n\n\n<p class=\"\">\ud83c\udf08 <strong>Abwechslung und Farbe auf Ihre Teller bringen :<\/strong> Varier les couleurs dans son assiette est un bon moyen de diversifier les apports nutritionnels, en plus d\u2019\u00eatre agr\u00e9able visuellement.<\/p>\n\n\n\n<p class=\"\">\ud83c\udf31 <strong>F\u00f6rderung eines gesunden Darmgleichgewichts :<\/strong> Fermentiertes Gem\u00fcse enth\u00e4lt Milchs\u00e4urebakterien, die aus der Fermentation stammen. Eine abwechslungsreiche Ern\u00e4hrung tr\u00e4gt zur Vielfalt der Mikrobiota bei.<\/p>\n\n\n\n<p class=\"\">\ud83c\udf43 <strong>Unterst\u00fctzung einer komfortablen Verdauung :<\/strong> La consommation de l\u00e9gumes, de mani\u00e8re g\u00e9n\u00e9rale, est recommand\u00e9e dans le cadre d\u2019une alimentation \u00e9quilibr\u00e9e.<\/p>\n\n\n\n<p class=\"\">\ud83d\udcaa <strong>Participer au bon fonctionnement de l\u2019organisme :<\/strong> Une alimentation riche en nutriments vari\u00e9s est essentielle au maintien d\u2019une bonne sant\u00e9.<\/p>\n\n\n<div class=\"wp-block-image\">\n<figure class=\"aligncenter size-large is-resized\"><img loading=\"lazy\" decoding=\"async\" width=\"1024\" height=\"682\" src=\"https:\/\/qb233zbtdie.preview.infomaniak.website\/wp-content\/uploads\/2025\/03\/background-4217461_1280-1024x682.jpg\" alt=\"Bild von \u0412\u043b\u0430\u0434\u0438\u043c\u0438\u0440 aus Pixabay\" class=\"wp-image-38750\" style=\"width:443px;height:auto\" srcset=\"https:\/\/fermentierra.com\/wp-content\/uploads\/2025\/03\/background-4217461_1280-1024x682.jpg 1024w, https:\/\/fermentierra.com\/wp-content\/uploads\/2025\/03\/background-4217461_1280-600x399.jpg 600w, https:\/\/fermentierra.com\/wp-content\/uploads\/2025\/03\/background-4217461_1280-300x200.jpg 300w, https:\/\/fermentierra.com\/wp-content\/uploads\/2025\/03\/background-4217461_1280-768x511.jpg 768w, https:\/\/fermentierra.com\/wp-content\/uploads\/2025\/03\/background-4217461_1280-18x12.jpg 18w, https:\/\/fermentierra.com\/wp-content\/uploads\/2025\/03\/background-4217461_1280-96x64.jpg 96w, https:\/\/fermentierra.com\/wp-content\/uploads\/2025\/03\/background-4217461_1280-42x28.jpg 42w, https:\/\/fermentierra.com\/wp-content\/uploads\/2025\/03\/background-4217461_1280.jpg 1280w\" sizes=\"auto, (max-width: 1024px) 100vw, 1024px\" \/><\/figure>\n<\/div>\n\n\n<h2 class=\"wp-block-heading\">\ud83c\udf7d\ufe0f Einfache Ideen f\u00fcr einen lebendigen Touch in Ihren Rezepten<\/h2>\n\n\n\n<p class=\"\">Nichts einfacher als das:<br>\u27a1\ufe0fGeben Sie einen L\u00f6ffel <a href=\"https:\/\/qb233zbtdie.preview.infomaniak.website\/produit\/legumes-lactofermentes-suisse-chi-n2\/\" target=\"_blank\" rel=\"noopener\" title=\"\">Schweiz-Chi 2<\/a> in einen L\u00f6wenzahnsalat<br>\u27a1\ufe0fLegen Sie unsere <a href=\"https:\/\/qb233zbtdie.preview.infomaniak.website\/produit\/legumes-lactofermentes-carottes-a-la-marocaine\/\" target=\"_blank\" rel=\"noopener\" title=\"\">fermentierten Karotten<\/a> auf einen Toast mit frischem Ziegenk\u00e4se 2025<br>\u27a1\ufe0f <a href=\"https:\/\/qb233zbtdie.preview.infomaniak.website\/manger-les-legumes-lactofermentes-cest-simple\/\" target=\"_blank\" rel=\"noopener\" title=\"\">Servieren Sie<\/a> sie als Beilage zu leichten Gerichten <strong>ersten Wandertouren,<\/strong>in Sandwiches<\/p>\n\n\n\n<p class=\"\"><strong>Eine einfache und schmackhafte M\u00f6glichkeit, die Vorteile des Lebendigen in Ihre t\u00e4glichen Mahlzeiten einzuladen.<\/strong><\/p>\n\n\n\n<h2 class=\"wp-block-heading\">\ud83e\udde1 Eine jahrtausendealte Tradition, eine moderne Geste<\/h2>\n\n\n\n<p class=\"\">Bei der handwerklichen Fermentierung wird die Zeit, das Terroir und die Vielfalt respektiert.<br>Bei <a href=\"https:\/\/qb233zbtdie.preview.infomaniak.website\" title=\"\">Fermentierra<\/a>stammt jede Zubereitung aus biologischem und lokalem Gem\u00fcse, das mit Geduld und Leidenschaft von Hand verarbeitet wird.<\/p>\n\n\n\n<p class=\"\">Es ist auch eine Hommage an die kulinarischen Traditionen von hier und anderswo - und eine M\u00f6glichkeit, Vergangenheit und Gegenwart auf unseren Tellern miteinander in Dialog treten zu lassen.<\/p>\n\n\n\n<hr class=\"wp-block-separator has-alpha-channel-opacity\"\/>\n\n\n\n<h3 class=\"wp-block-heading\">\ud83c\udf1f Sind Sie bereit, Ihren Tellern neuen Pep zu verleihen?<\/h3>\n\n\n\n<p class=\"\">Treten Sie der Fermentierra-Gemeinschaft bei :<br>\u2714\ufe0f Selbstgemachte Einmachgl\u00e4ser<br>\u2714\ufe0f Fermentiertes Bio-Gem\u00fcse aus der Region<br>\u2714\ufe0f Ein engagierter handwerklicher Ansatz<\/p>\n\n\n\n<p class=\"\">Und um keine unserer Neuigkeiten zu verpassen :<br>\u27a1\ufe0f Folgen Sie uns auf <a href=\"https:\/\/www.instagram.com\/fermentierra\/\" target=\"_blank\" rel=\"noopener\" title=\"\">Instagram<\/a><br>\u27a1\ufe0f Melden Sie sich f\u00fcr unseren <a href=\"https:\/\/qb233zbtdie.preview.infomaniak.website\/inscription-newsletter\/\" target=\"_blank\" rel=\"noopener\" title=\"\">newsletter<\/a><br>\u27a1\ufe0f Oder besuchen Sie uns auf unserer <a href=\"https:\/\/qb233zbtdie.preview.infomaniak.website\/\" target=\"_blank\" rel=\"noopener\" title=\"\">Online-Shop<\/a><\/p>\n\n\n\n<div class=\"nfd-container nfd-p-md nfd-wb-blog__blog-1 wp-block-group\"><div class=\"wp-block-group__inner-container is-layout-constrained wp-block-group-is-layout-constrained\">\n<div class=\"wp-block-query is-layout-flow wp-block-query-is-layout-flow\">\n<div class=\"wp-block-group\"><div class=\"wp-block-group__inner-container is-layout-constrained wp-block-group-is-layout-constrained\"><ul class=\"columns-3 nfd-gap-xl wp-block-post-template is-layout-grid wp-container-core-post-template-is-layout-2fc57c17 wp-block-post-template-is-layout-grid\"><li class=\"wp-block-post post-40933 post type-post status-publish format-standard has-post-thumbnail hentry category-vie tag-inspiration tag-biologique tag-lacofermentation\">\n<figure style=\"aspect-ratio:3\/2; margin-bottom:24px;\" class=\"nfd-rounded wp-block-post-featured-image\"><a href=\"https:\/\/fermentierra.com\/de\/manger-vivant\/\" target=\"_self\"  ><img loading=\"lazy\" decoding=\"async\" width=\"760\" height=\"400\" src=\"https:\/\/fermentierra.com\/wp-content\/uploads\/2026\/04\/recolte-chou-choucroute-760x400.jpg\" class=\"attachment-post-thumbnail size-post-thumbnail wp-post-image\" alt=\"La plus ancienne biotechnologie de l\u2019humanit\u00e9\" style=\"width:100%;height:100%;object-fit:cover;\" \/><\/a><\/figure>\n\n\n<div class=\"wp-block-group is-nowrap is-layout-flex wp-container-core-group-is-layout-ad2f72ca wp-block-group-is-layout-flex\">\n<div class=\"nfd-bg-subtle nfd-text-xs nfd-rounded-sm wp-block-group\" style=\"padding-top:4px;padding-right:10px;padding-bottom:4px;padding-left:10px;font-style:normal;font-weight:600;letter-spacing:0.05em;text-transform:uppercase\"><div class=\"wp-block-group__inner-container is-layout-constrained wp-container-core-group-is-layout-ebcd49d3 wp-block-group-is-layout-constrained\"><div class=\"taxonomy-category nfd-text-faded wp-block-post-terms\"><a href=\"https:\/\/fermentierra.com\/de\/category\/vie\/\" rel=\"tag\">Leben<\/a><\/div><\/div><\/div>\n<\/div>\n\n\n<h3 style=\"font-style:normal;font-weight:500; margin-top:var(--wp--preset--spacing--20);margin-bottom:var(--wp--preset--spacing--20);\" class=\"nfd-text-lg nfd-text-contrast nfd-text-balance wp-block-post-title\"><a href=\"https:\/\/fermentierra.com\/de\/manger-vivant\/\" target=\"_self\" >La plus ancienne biotechnologie de l\u2019humanit\u00e9<\/a><\/h3>\n\n<div style=\"text-transform:uppercase;\" class=\"nfd-text-faded nfd-text-xs wp-block-post-date\"><time datetime=\"2026-04-24T15:43:26+00:00\">24 April 2026<\/time><\/div>\n<\/li><li class=\"wp-block-post post-40672 post type-post status-publish format-standard has-post-thumbnail hentry category-recettes category-vie tag-dietetique tag-equilibre tag-idees tag-cuisine\">\n<figure style=\"aspect-ratio:3\/2; margin-bottom:24px;\" class=\"nfd-rounded wp-block-post-featured-image\"><a href=\"https:\/\/fermentierra.com\/de\/regle-cuillere-dosage-legumes-fermentes\/\" target=\"_self\"  ><img loading=\"lazy\" decoding=\"async\" width=\"760\" height=\"400\" src=\"https:\/\/fermentierra.com\/wp-content\/uploads\/2026\/02\/legumes-fermentes-dosage-cuillere-760x400.jpg\" class=\"attachment-post-thumbnail size-post-thumbnail wp-post-image\" alt=\"Trop fort ? L\u2019astuce simple pour enfin aimer les l\u00e9gumes ferment\u00e9s\" style=\"width:100%;height:100%;object-fit:cover;\" srcset=\"https:\/\/fermentierra.com\/wp-content\/uploads\/2026\/02\/legumes-fermentes-dosage-cuillere-760x400.jpg 760w, https:\/\/fermentierra.com\/wp-content\/uploads\/2026\/02\/legumes-fermentes-dosage-cuillere-18x10.jpg 18w\" sizes=\"auto, (max-width: 760px) 100vw, 760px\" \/><\/a><\/figure>\n\n\n<div class=\"wp-block-group is-nowrap is-layout-flex wp-container-core-group-is-layout-ad2f72ca wp-block-group-is-layout-flex\">\n<div class=\"nfd-bg-subtle nfd-text-xs nfd-rounded-sm wp-block-group\" style=\"padding-top:4px;padding-right:10px;padding-bottom:4px;padding-left:10px;font-style:normal;font-weight:600;letter-spacing:0.05em;text-transform:uppercase\"><div class=\"wp-block-group__inner-container is-layout-constrained wp-container-core-group-is-layout-ebcd49d3 wp-block-group-is-layout-constrained\"><div class=\"taxonomy-category nfd-text-faded wp-block-post-terms\"><a href=\"https:\/\/fermentierra.com\/de\/category\/recettes\/\" rel=\"tag\">Einnahmen<\/a><span class=\"wp-block-post-terms__separator\"> \u00b7 <\/span><a href=\"https:\/\/fermentierra.com\/de\/category\/vie\/\" rel=\"tag\">Leben<\/a><\/div><\/div><\/div>\n<\/div>\n\n\n<h3 style=\"font-style:normal;font-weight:500; margin-top:var(--wp--preset--spacing--20);margin-bottom:var(--wp--preset--spacing--20);\" class=\"nfd-text-lg nfd-text-contrast nfd-text-balance wp-block-post-title\"><a href=\"https:\/\/fermentierra.com\/de\/regle-cuillere-dosage-legumes-fermentes\/\" target=\"_self\" >Trop fort ? L\u2019astuce simple pour enfin aimer les l\u00e9gumes ferment\u00e9s<\/a><\/h3>\n\n<div style=\"text-transform:uppercase;\" class=\"nfd-text-faded nfd-text-xs wp-block-post-date\"><time datetime=\"2026-04-22T07:20:17+00:00\">22 April 2026<\/time><\/div>\n<\/li><li class=\"wp-block-post post-40911 post type-post status-publish format-standard has-post-thumbnail hentry category-uncategorized\">\n<figure style=\"aspect-ratio:3\/2; margin-bottom:24px;\" class=\"nfd-rounded wp-block-post-featured-image\"><a href=\"https:\/\/fermentierra.com\/de\/legumes-fermentes-tradition-monde\/\" target=\"_self\"  ><img loading=\"lazy\" decoding=\"async\" width=\"740\" height=\"400\" src=\"https:\/\/fermentierra.com\/wp-content\/uploads\/2026\/03\/pickles-japon-740x400.webp\" class=\"attachment-post-thumbnail size-post-thumbnail wp-post-image\" alt=\"Le monde entier mange ferment\u00e9.\" style=\"width:100%;height:100%;object-fit:cover;\" \/><\/a><\/figure>\n\n\n<div class=\"wp-block-group is-nowrap is-layout-flex wp-container-core-group-is-layout-ad2f72ca wp-block-group-is-layout-flex\">\n<div class=\"nfd-bg-subtle nfd-text-xs nfd-rounded-sm wp-block-group\" style=\"padding-top:4px;padding-right:10px;padding-bottom:4px;padding-left:10px;font-style:normal;font-weight:600;letter-spacing:0.05em;text-transform:uppercase\"><div class=\"wp-block-group__inner-container is-layout-constrained wp-container-core-group-is-layout-ebcd49d3 wp-block-group-is-layout-constrained\"><div class=\"taxonomy-category nfd-text-faded wp-block-post-terms\"><a href=\"https:\/\/fermentierra.com\/de\/category\/uncategorized\/\" rel=\"tag\">Uncategorized<\/a><\/div><\/div><\/div>\n<\/div>\n\n\n<h3 style=\"font-style:normal;font-weight:500; margin-top:var(--wp--preset--spacing--20);margin-bottom:var(--wp--preset--spacing--20);\" class=\"nfd-text-lg nfd-text-contrast nfd-text-balance wp-block-post-title\"><a href=\"https:\/\/fermentierra.com\/de\/legumes-fermentes-tradition-monde\/\" target=\"_self\" >Le monde entier mange ferment\u00e9.<\/a><\/h3>\n\n<div style=\"text-transform:uppercase;\" class=\"nfd-text-faded nfd-text-xs wp-block-post-date\"><time datetime=\"2026-04-22T07:00:05+00:00\">22 April 2026<\/time><\/div>\n<\/li><\/ul><\/div><\/div>\n<\/div>\n<\/div><\/div>\n\n\n\n<p class=\"\"><\/p>","protected":false},"excerpt":{"rendered":"<p>Eine lebendige Tradition auf Ihrem Teller In einer Zeit, in der die Natur wieder zum Leben erwacht, haben Sie schon einmal daran gedacht, Ihrer Ern\u00e4hrung einen neuen Impuls zu geben? Wir bei Fermentierra glauben, dass jede Jahreszeit eine Gelegenheit bietet, unseren K\u00f6rper auf andere Weise zu ern\u00e4hren. Die Kraft der Lactofermentation im Fr\u00fchling&nbsp;<a class=\"read-more\" href=\"https:\/\/fermentierra.com\/de\/%f0%9f%8c%b1-le-pouvoir-de-la-fermentation-au-printemps\/\">...<\/a><\/p>","protected":false},"author":1,"featured_media":38756,"comment_status":"open","ping_status":"open","sticky":false,"template":"","format":"standard","meta":{"_acf_changed":false,"footnotes":""},"categories":[127,41,122],"tags":[125,22,123,124],"class_list":["post-38736","post","type-post","status-publish","format-standard","has-post-thumbnail","hentry","category-saisons","category-vie","category-savoir","tag-equilibre","tag-lactofermentation","tag-saisons","tag-tips"],"acf":[],"aioseo_notices":[],"_links":{"self":[{"href":"https:\/\/fermentierra.com\/de\/wp-json\/wp\/v2\/posts\/38736","targetHints":{"allow":["GET"]}}],"collection":[{"href":"https:\/\/fermentierra.com\/de\/wp-json\/wp\/v2\/posts"}],"about":[{"href":"https:\/\/fermentierra.com\/de\/wp-json\/wp\/v2\/types\/post"}],"author":[{"embeddable":true,"href":"https:\/\/fermentierra.com\/de\/wp-json\/wp\/v2\/users\/1"}],"replies":[{"embeddable":true,"href":"https:\/\/fermentierra.com\/de\/wp-json\/wp\/v2\/comments?post=38736"}],"version-history":[{"count":0,"href":"https:\/\/fermentierra.com\/de\/wp-json\/wp\/v2\/posts\/38736\/revisions"}],"wp:featuredmedia":[{"embeddable":true,"href":"https:\/\/fermentierra.com\/de\/wp-json\/wp\/v2\/media\/38756"}],"wp:attachment":[{"href":"https:\/\/fermentierra.com\/de\/wp-json\/wp\/v2\/media?parent=38736"}],"wp:term":[{"taxonomy":"category","embeddable":true,"href":"https:\/\/fermentierra.com\/de\/wp-json\/wp\/v2\/categories?post=38736"},{"taxonomy":"post_tag","embeddable":true,"href":"https:\/\/fermentierra.com\/de\/wp-json\/wp\/v2\/tags?post=38736"}],"curies":[{"name":"wp","href":"https:\/\/api.w.org\/{rel}","templated":true}]}}