{"id":38791,"date":"2025-03-31T00:37:51","date_gmt":"2025-03-31T00:37:51","guid":{"rendered":"https:\/\/www.fermentierra.com\/?p=38791"},"modified":"2025-03-31T00:37:55","modified_gmt":"2025-03-31T00:37:55","slug":"fermentierra-5-ans-de-passion-fermentee","status":"publish","type":"post","link":"https:\/\/fermentierra.com\/de\/fermentierra-5-ans-de-passion-fermentee\/","title":{"rendered":"Fermentierra: 5 Jahre fermentierte Leidenschaft"},"content":{"rendered":"<div class=\"wp-block-image\">\n<figure class=\"aligncenter size-full is-resized\"><img loading=\"lazy\" decoding=\"async\" width=\"1024\" height=\"1024\" src=\"https:\/\/qb233zbtdie.preview.infomaniak.website\/wp-content\/uploads\/2025\/03\/illustration_livre1.png\" alt=\"\" class=\"wp-image-38807\" style=\"width:382px;height:auto\" srcset=\"https:\/\/fermentierra.com\/wp-content\/uploads\/2025\/03\/illustration_livre1.png 1024w, https:\/\/fermentierra.com\/wp-content\/uploads\/2025\/03\/illustration_livre1-100x100.png 100w, https:\/\/fermentierra.com\/wp-content\/uploads\/2025\/03\/illustration_livre1-600x600.png 600w, https:\/\/fermentierra.com\/wp-content\/uploads\/2025\/03\/illustration_livre1-300x300.png 300w, https:\/\/fermentierra.com\/wp-content\/uploads\/2025\/03\/illustration_livre1-150x150.png 150w, https:\/\/fermentierra.com\/wp-content\/uploads\/2025\/03\/illustration_livre1-768x768.png 768w, https:\/\/fermentierra.com\/wp-content\/uploads\/2025\/03\/illustration_livre1-12x12.png 12w, https:\/\/fermentierra.com\/wp-content\/uploads\/2025\/03\/illustration_livre1-96x96.png 96w, https:\/\/fermentierra.com\/wp-content\/uploads\/2025\/03\/illustration_livre1-42x42.png 42w\" sizes=\"auto, (max-width: 1024px) 100vw, 1024px\" \/><\/figure>\n<\/div>\n\n\n<h1 class=\"wp-block-heading\">Lebendige G\u00e4rung im Herzen der Westschweiz<\/h1>\n\n\n\n<h2 class=\"wp-block-heading\">Ein Abenteuer, das mit einem Glas begann<\/h2>\n\n\n\n<p class=\"\">Vor f\u00fcnf Jahren <a href=\"https:\/\/qb233zbtdie.preview.infomaniak.website\/fermenteurs\/\" target=\"_blank\" rel=\"noopener\" title=\"wer wir sind\">Fermentierra<\/a> entstand in einer K\u00fcchenecke mit einem einfachen Traum: die vergessenen Vorz\u00fcge von laktofermentiertem Gem\u00fcse wiederzuentdecken. Damals sprachen in der Westschweiz nur wenige Menschen von handwerklicher Fermentation. Heute erlebt diese althergebrachte Praxis eine Renaissance und Fermentierra hat sich als Referenz in diesem Bereich etabliert.<\/p>\n\n\n\n<p class=\"\">Von lokalen M\u00e4rkten \u00fcber Fachkonferenzen bis hin zu immer mehr Regalen, in denen unsere Gl\u00e4ser Platz finden, hat sich unsere Pr\u00e4senz mit der Zeit gefestigt. Hinter jeder Kreation steht ein Wille: eine lebendige, engagierte, zug\u00e4ngliche ... und k\u00f6stliche Ern\u00e4hrung anzubieten.<\/p>\n\n\n\n<h2 class=\"wp-block-heading\">Ein symbolischer Meilenstein: 5 Jahre G\u00e4rung, Weitergabe und Leidenschaft<\/h2>\n\n\n\n<p class=\"\">F\u00fcnf Jahre zu feiern bedeutet nicht nur, Kerzen auszublasen. Es bedeutet auch, auf den zur\u00fcckgelegten Weg zu blicken. Dieser Weg besteht aus Tausenden von Gl\u00e4sern, aus Gem\u00fcse von lokalen Erzeugern, aus gemeinsamen Workshops, aus begeisterten R\u00fcckmeldungen ... und aus viel Zuh\u00f6ren. Denn bei Fermentierra wollten wir schon immer ein offenes Ohr f\u00fcr das Lebendige haben - f\u00fcr das, was in unseren Gl\u00e4sern sprudelt, wie auch f\u00fcr das, was unsere Gemeinschaft belebt.<\/p>\n\n\n\n<p class=\"\">In diesen f\u00fcnf Jahren konnten wir die soliden Grundlagen f\u00fcr ein koh\u00e4rentes, handwerkliches Projekt legen, das in seiner Region verankert ist. Heute sind wir stolz darauf, dazu beizutragen, dass sich die Ern\u00e4hrungsgewohnheiten hin zu mehr Bewusstsein, mehr Respekt f\u00fcr die Mikrobiota und mehr Genuss entwickeln.<\/p>\n\n\n<div class=\"wp-block-image\">\n<figure class=\"aligncenter size-large is-resized\"><img loading=\"lazy\" decoding=\"async\" width=\"683\" height=\"1024\" src=\"https:\/\/qb233zbtdie.preview.infomaniak.website\/wp-content\/uploads\/2025\/03\/photo-5ans-blog-1-683x1024.png\" alt=\"\" class=\"wp-image-38806\" style=\"width:261px;height:auto\" srcset=\"https:\/\/fermentierra.com\/wp-content\/uploads\/2025\/03\/photo-5ans-blog-1-683x1024.png 683w, https:\/\/fermentierra.com\/wp-content\/uploads\/2025\/03\/photo-5ans-blog-1-600x900.png 600w, https:\/\/fermentierra.com\/wp-content\/uploads\/2025\/03\/photo-5ans-blog-1-200x300.png 200w, https:\/\/fermentierra.com\/wp-content\/uploads\/2025\/03\/photo-5ans-blog-1-768x1152.png 768w, https:\/\/fermentierra.com\/wp-content\/uploads\/2025\/03\/photo-5ans-blog-1-8x12.png 8w, https:\/\/fermentierra.com\/wp-content\/uploads\/2025\/03\/photo-5ans-blog-1-64x96.png 64w, https:\/\/fermentierra.com\/wp-content\/uploads\/2025\/03\/photo-5ans-blog-1-28x42.png 28w, https:\/\/fermentierra.com\/wp-content\/uploads\/2025\/03\/photo-5ans-blog-1.png 1024w\" sizes=\"auto, (max-width: 683px) 100vw, 683px\" \/><\/figure>\n<\/div>\n\n\n<h2 class=\"wp-block-heading\">Warum \u00fcberzeugt die Fermentation immer mehr?<\/h2>\n\n\n\n<p class=\"\">Fermentation ist keine Modeerscheinung. Sie ist eine R\u00fcckbesinnung auf das Wesentliche. In einer Welt, die von Ultra-Verarbeitung, hektischem Tempo und Wunderversprechen \u00fcbers\u00e4ttigt ist, bietet die Lactofermentation ein anderes Tempo: das Tempo der langen Zeit, des nat\u00fcrlichen Geschmacks und des dauerhaften Darmgleichgewichts.<\/p>\n\n\n\n<p class=\"\">Fermentiertes Gem\u00fcse ist reich an Mikroorganismen, die aus der Fermentation hervorgehen, und zeichnet sich durch seine aromatische Komplexit\u00e4t und seine jahrtausendealte Tradition aus. Es geh\u00f6rt heute zu einer abwechslungsreichen und ausgewogenen Ern\u00e4hrung, die aufgrund des Verdauungskomforts und des zunehmenden Interesses an der Darmmikrobiota immer begehrter wird. Sie sind einfach zu verwenden und k\u00f6nnen eine Vielzahl von Gerichten des t\u00e4glichen Lebens bereichern.<\/p>\n\n\n\n<p class=\"\">Versuchen Sie es zum Beispiel mit einem L\u00f6ffel <a href=\"https:\/\/qb233zbtdie.preview.infomaniak.website\/produit\/legumes-lactofermente-chou-rouge\/\" target=\"_blank\" rel=\"noopener\" title=\"\">shanti-chou<\/a> (rohes Sauerkraut) auf einem Toast, ein paar Streifen fermentierte Rote Bete in einem Salat oder sogar einen prickelnden fermentierten Saft als Aperitif... Die Wirkung ist sofort da und macht oft s\u00fcchtig - im positiven Sinne.<\/p>\n\n\n\n<h2 class=\"wp-block-heading\">Fermentierra: eine Stimme, die in der Westschweizer Landschaft z\u00e4hlt<\/h2>\n\n\n\n<p class=\"\">Im Laufe der Jahre ist Fermentierra zu einer anerkannten Stimme in der Landschaft der handwerklichen Fermentation in der Westschweiz geworden. Unser Ansatz, der Tradition und zeitgem\u00e4\u00dfen Anspruch miteinander verbindet, begeistert Neugierige ebenso wie Fachleute aus dem Gesundheitswesen und der Gastronomie.<\/p>\n\n\n\n<p class=\"\">Wir wurden eingeladen, bei Veranstaltungen zur integrativen Ern\u00e4hrung zu sprechen, haben mit engagierten K\u00fcchenchefs zusammengearbeitet und in unseren Workshops Hunderte von Teilnehmern begr\u00fc\u00dft, die mehr \u00fcber die Kr\u00e4fte des Lebendigen erfahren wollten. Diese Anerkennung ist wertvoll, denn sie spornt uns an, in puncto Qualit\u00e4t, P\u00e4dagogik und Innovation immer noch einen Schritt weiter zu gehen.<\/p>\n\n\n<div class=\"wp-block-image\">\n<figure class=\"aligncenter size-large is-resized\"><img loading=\"lazy\" decoding=\"async\" width=\"1024\" height=\"683\" src=\"https:\/\/qb233zbtdie.preview.infomaniak.website\/wp-content\/uploads\/2025\/03\/illustration_livre-1024x683.png\" alt=\"\" class=\"wp-image-38808\" style=\"width:594px;height:auto\" srcset=\"https:\/\/fermentierra.com\/wp-content\/uploads\/2025\/03\/illustration_livre-1024x683.png 1024w, https:\/\/fermentierra.com\/wp-content\/uploads\/2025\/03\/illustration_livre-600x400.png 600w, https:\/\/fermentierra.com\/wp-content\/uploads\/2025\/03\/illustration_livre-300x200.png 300w, https:\/\/fermentierra.com\/wp-content\/uploads\/2025\/03\/illustration_livre-768x512.png 768w, https:\/\/fermentierra.com\/wp-content\/uploads\/2025\/03\/illustration_livre-18x12.png 18w, https:\/\/fermentierra.com\/wp-content\/uploads\/2025\/03\/illustration_livre-96x64.png 96w, https:\/\/fermentierra.com\/wp-content\/uploads\/2025\/03\/illustration_livre-42x28.png 42w, https:\/\/fermentierra.com\/wp-content\/uploads\/2025\/03\/illustration_livre.png 1536w\" sizes=\"auto, (max-width: 1024px) 100vw, 1024px\" \/><\/figure>\n<\/div>\n\n\n<h2 class=\"wp-block-heading\">Ein Geburtstag, eine Feier und eine Einladung<\/h2>\n\n\n\n<p class=\"\">Die <strong>21. Juni 2025<\/strong>Wir werden unser f\u00fcnfj\u00e4hriges Bestehen mit einer einzigartigen Veranstaltung feiern. In Zusammenarbeit mit<a href=\"https:\/\/www.kosmos-drinks.ch\/\" target=\"_blank\" rel=\"noopener\" title=\"\"> <strong>Kosmos Drinks<\/strong><\/a>Wir freuen uns, zwei au\u00dfergew\u00f6hnliche Pers\u00f6nlichkeiten begr\u00fc\u00dfen zu d\u00fcrfen:<\/p>\n\n\n\n<ul class=\"wp-block-list\">\n<li class=\"\">\ud83c\udf99\ufe0f <strong><a href=\"https:\/\/www.wildfermentation.com\/\" target=\"_blank\" rel=\"noopener\" title=\"\">Sandor Ellix Katz<\/a><\/strong>Autor und Pionier der wilden Fermentation<\/li>\n\n\n\n<li class=\"\">\ud83c\udf3f <strong><a href=\"https:\/\/www.olivier-bourquin.ch\/\" target=\"_blank\" rel=\"noopener\" title=\"\">Olivier Bourquin<\/a><\/strong>Spezialist f\u00fcr integrative Gesundheit und nachhaltige Leistung<\/li>\n\n\n\n<li class=\"\">\ud83d\udcd7<a href=\"https:\/\/www.lespressesdureel.com\/ouvrage.php?id=11710&menu=0\" target=\"_blank\" rel=\"noopener\" title=\"\"><strong>Ludovic Burrel<\/strong><\/a>, est artiste, \u00e9diteur et cofondateur de\u00a0it: \u00e9ditions, enseignant en \u00e9coles d\u2019art.<\/li>\n<\/ul>\n\n\n\n<p class=\"\">Diese Veranstaltung ist offen f\u00fcr alle, die das Thema Fermentation entdecken, vertiefen oder einfach nur einen spannenden Moment erleben m\u00f6chten. Es ist die perfekte Gelegenheit, um zu probieren, Ihre Fragen zu stellen und vielleicht mit dem Wunsch nach Hause zu gehen, ein bisschen mehr Leben auf Ihren Teller zu bringen.<\/p>\n\n\n\n<h2 class=\"wp-block-heading\">Lust, es auszuprobieren?<\/h2>\n\n\n\n<p class=\"\">Wenn Sie unsere Kreationen noch nicht kennen, ist jetzt vielleicht der richtige Zeitpunkt, den ersten Schritt zu machen. <a href=\"https:\/\/qb233zbtdie.preview.infomaniak.website\/\" target=\"_blank\" rel=\"noopener\" title=\"\">Fermentierra<\/a> propose une gamme vari\u00e9e de l\u00e9gumes ferment\u00e9s, de l\u2019ail noir, des moutardes et d\u2019autres sp\u00e9cialit\u00e9s, disponibles en ligne ou chez nos partenaires distributeurs.<\/p>\n\n\n\n<p class=\"\">Und wenn Sie bereits ein Fan sind, warum sollten Sie unsere Gl\u00e4ser nicht einem lieben Menschen vorstellen? Jedes Glas ist ein Tor zu einer Welt voller Geschmack und Vitalit\u00e4t.<\/p>\n\n\n\n<h2 class=\"wp-block-heading\">5 Jahre ... und wie geht es weiter?<\/h2>\n\n\n\n<p class=\"\">Wir haben keinen starren Plan. Nur eine ungebrochene Lust: weiter kreieren, weitergeben, lernen und Lebendiges kneten. Wir wollen die Kunst der Entschleunigung, das H\u00f6ren auf die Jahreszeiten und den Schwung zu ges\u00fcnderen Gewohnheiten kultivieren - ohne jemals den Genuss zu opfern.<\/p>\n\n\n\n<p class=\"\">Danke, dass Sie sich mit uns auf diesen Weg begeben haben. Und wenn Sie heute Fermentierra entdecken, seien Sie herzlich willkommen. Das Lebendige ist gro\u00dfz\u00fcgig und bietet am Tisch Platz f\u00fcr alle.<\/p>\n\n\n\n<p class=\"\"><strong>\ud83d\udc49 Entdecke unsere Welt : <a href=\"https:\/\/qb233zbtdie.preview.infomaniak.website\">fermentierra.com<\/a><\/strong><\/p>\n\n\n\n<p class=\"\">\ud83d\udce9 Bleiben Sie mit unseren Nachrichten auf dem Laufenden : <a href=\"https:\/\/qb233zbtdie.preview.infomaniak.website\/inscription-newsletter\/\" target=\"_blank\" rel=\"noopener\" title=\"\">abonnieren Sie unseren Newsletter<\/a><\/p>\n\n\n\n<p class=\"\">\ud83d\udcf8 Verfolgen Sie unseren Alltag und unsere Hintergr\u00fcnde : <a href=\"https:\/\/www.instagram.com\/fermentierra\" target=\"_blank\" rel=\"noreferrer noopener\">@fermentierra auf Instagram<\/a><\/p>\n\n\n\n<div class=\"nfd-container nfd-p-md nfd-wb-blog__blog-1 wp-block-group\"><div class=\"wp-block-group__inner-container is-layout-constrained wp-block-group-is-layout-constrained\">\n<div class=\"wp-block-query is-layout-flow wp-block-query-is-layout-flow\"><ul class=\"columns-3 nfd-gap-xl wp-block-post-template is-layout-grid wp-container-core-post-template-is-layout-2fc57c17 wp-block-post-template-is-layout-grid\"><li class=\"wp-block-post post-40933 post type-post status-publish format-standard has-post-thumbnail hentry category-vie tag-inspiration tag-biologique tag-lacofermentation\">\n<figure style=\"aspect-ratio:3\/2; margin-bottom:24px;\" class=\"nfd-rounded wp-block-post-featured-image\"><a href=\"https:\/\/fermentierra.com\/de\/manger-vivant\/\" target=\"_self\"  ><img loading=\"lazy\" decoding=\"async\" width=\"760\" height=\"400\" src=\"https:\/\/fermentierra.com\/wp-content\/uploads\/2026\/04\/recolte-chou-choucroute-760x400.jpg\" class=\"attachment-post-thumbnail size-post-thumbnail wp-post-image\" alt=\"La plus ancienne biotechnologie de l\u2019humanit\u00e9\" style=\"width:100%;height:100%;object-fit:cover;\" \/><\/a><\/figure>\n\n\n<div class=\"wp-block-group is-nowrap is-layout-flex wp-container-core-group-is-layout-ad2f72ca wp-block-group-is-layout-flex\">\n<div class=\"nfd-bg-subtle nfd-text-xs nfd-rounded-sm wp-block-group\" style=\"padding-top:4px;padding-right:10px;padding-bottom:4px;padding-left:10px;font-style:normal;font-weight:600;letter-spacing:0.05em;text-transform:uppercase\"><div class=\"wp-block-group__inner-container is-layout-constrained wp-container-core-group-is-layout-ebcd49d3 wp-block-group-is-layout-constrained\"><div class=\"taxonomy-category nfd-text-faded wp-block-post-terms\"><a href=\"https:\/\/fermentierra.com\/de\/category\/vie\/\" rel=\"tag\">Leben<\/a><\/div><\/div><\/div>\n<\/div>\n\n\n<h3 style=\"font-style:normal;font-weight:500; margin-top:var(--wp--preset--spacing--20);margin-bottom:var(--wp--preset--spacing--20);\" class=\"nfd-text-lg nfd-text-contrast nfd-text-balance wp-block-post-title\"><a href=\"https:\/\/fermentierra.com\/de\/manger-vivant\/\" target=\"_self\" >La plus ancienne biotechnologie de l\u2019humanit\u00e9<\/a><\/h3>\n\n<div style=\"text-transform:uppercase;\" class=\"nfd-text-faded nfd-text-xs wp-block-post-date\"><time datetime=\"2026-04-24T15:43:26+00:00\">24 April 2026<\/time><\/div>\n<\/li><li class=\"wp-block-post post-40672 post type-post status-publish format-standard has-post-thumbnail hentry category-recettes category-vie tag-dietetique tag-equilibre tag-idees tag-cuisine\">\n<figure style=\"aspect-ratio:3\/2; margin-bottom:24px;\" class=\"nfd-rounded wp-block-post-featured-image\"><a href=\"https:\/\/fermentierra.com\/de\/regle-cuillere-dosage-legumes-fermentes\/\" target=\"_self\"  ><img loading=\"lazy\" decoding=\"async\" width=\"760\" height=\"400\" src=\"https:\/\/fermentierra.com\/wp-content\/uploads\/2026\/02\/legumes-fermentes-dosage-cuillere-760x400.jpg\" class=\"attachment-post-thumbnail size-post-thumbnail wp-post-image\" alt=\"Trop fort ? L\u2019astuce simple pour enfin aimer les l\u00e9gumes ferment\u00e9s\" style=\"width:100%;height:100%;object-fit:cover;\" srcset=\"https:\/\/fermentierra.com\/wp-content\/uploads\/2026\/02\/legumes-fermentes-dosage-cuillere-760x400.jpg 760w, https:\/\/fermentierra.com\/wp-content\/uploads\/2026\/02\/legumes-fermentes-dosage-cuillere-18x10.jpg 18w\" sizes=\"auto, (max-width: 760px) 100vw, 760px\" \/><\/a><\/figure>\n\n\n<div class=\"wp-block-group is-nowrap is-layout-flex wp-container-core-group-is-layout-ad2f72ca wp-block-group-is-layout-flex\">\n<div class=\"nfd-bg-subtle nfd-text-xs nfd-rounded-sm wp-block-group\" style=\"padding-top:4px;padding-right:10px;padding-bottom:4px;padding-left:10px;font-style:normal;font-weight:600;letter-spacing:0.05em;text-transform:uppercase\"><div class=\"wp-block-group__inner-container is-layout-constrained wp-container-core-group-is-layout-ebcd49d3 wp-block-group-is-layout-constrained\"><div class=\"taxonomy-category nfd-text-faded wp-block-post-terms\"><a href=\"https:\/\/fermentierra.com\/de\/category\/recettes\/\" rel=\"tag\">Einnahmen<\/a><span class=\"wp-block-post-terms__separator\"> \u00b7 <\/span><a href=\"https:\/\/fermentierra.com\/de\/category\/vie\/\" rel=\"tag\">Leben<\/a><\/div><\/div><\/div>\n<\/div>\n\n\n<h3 style=\"font-style:normal;font-weight:500; margin-top:var(--wp--preset--spacing--20);margin-bottom:var(--wp--preset--spacing--20);\" class=\"nfd-text-lg nfd-text-contrast nfd-text-balance wp-block-post-title\"><a href=\"https:\/\/fermentierra.com\/de\/regle-cuillere-dosage-legumes-fermentes\/\" target=\"_self\" >Trop fort ? L\u2019astuce simple pour enfin aimer les l\u00e9gumes ferment\u00e9s<\/a><\/h3>\n\n<div style=\"text-transform:uppercase;\" class=\"nfd-text-faded nfd-text-xs wp-block-post-date\"><time datetime=\"2026-04-22T07:20:17+00:00\">22 April 2026<\/time><\/div>\n<\/li><li class=\"wp-block-post post-40911 post type-post status-publish format-standard has-post-thumbnail hentry category-uncategorized\">\n<figure style=\"aspect-ratio:3\/2; margin-bottom:24px;\" class=\"nfd-rounded wp-block-post-featured-image\"><a href=\"https:\/\/fermentierra.com\/de\/legumes-fermentes-tradition-monde\/\" target=\"_self\"  ><img loading=\"lazy\" decoding=\"async\" width=\"740\" height=\"400\" src=\"https:\/\/fermentierra.com\/wp-content\/uploads\/2026\/03\/pickles-japon-740x400.webp\" class=\"attachment-post-thumbnail size-post-thumbnail wp-post-image\" alt=\"Le monde entier mange ferment\u00e9.\" style=\"width:100%;height:100%;object-fit:cover;\" \/><\/a><\/figure>\n\n\n<div class=\"wp-block-group is-nowrap is-layout-flex wp-container-core-group-is-layout-ad2f72ca wp-block-group-is-layout-flex\">\n<div class=\"nfd-bg-subtle nfd-text-xs nfd-rounded-sm wp-block-group\" style=\"padding-top:4px;padding-right:10px;padding-bottom:4px;padding-left:10px;font-style:normal;font-weight:600;letter-spacing:0.05em;text-transform:uppercase\"><div class=\"wp-block-group__inner-container is-layout-constrained wp-container-core-group-is-layout-ebcd49d3 wp-block-group-is-layout-constrained\"><div class=\"taxonomy-category nfd-text-faded wp-block-post-terms\"><a href=\"https:\/\/fermentierra.com\/de\/category\/uncategorized\/\" rel=\"tag\">Uncategorized<\/a><\/div><\/div><\/div>\n<\/div>\n\n\n<h3 style=\"font-style:normal;font-weight:500; margin-top:var(--wp--preset--spacing--20);margin-bottom:var(--wp--preset--spacing--20);\" class=\"nfd-text-lg nfd-text-contrast nfd-text-balance wp-block-post-title\"><a href=\"https:\/\/fermentierra.com\/de\/legumes-fermentes-tradition-monde\/\" target=\"_self\" >Le monde entier mange ferment\u00e9.<\/a><\/h3>\n\n<div style=\"text-transform:uppercase;\" class=\"nfd-text-faded nfd-text-xs wp-block-post-date\"><time datetime=\"2026-04-22T07:00:05+00:00\">22 April 2026<\/time><\/div>\n<\/li><\/ul><\/div>\n<\/div><\/div>","protected":false},"excerpt":{"rendered":"<p>Lebendige Fermentation im Herzen der Westschweiz Ein Abenteuer, das mit einem Glas begann Vor f\u00fcnf Jahren entstand Fermentierra in einer K\u00fcchenecke mit einem einfachen Traum: die vergessenen Vorz\u00fcge von laktofermentiertem Gem\u00fcse wiederzuentdecken. \u00c0&nbsp;<a class=\"read-more\" href=\"https:\/\/fermentierra.com\/de\/fermentierra-5-ans-de-passion-fermentee\/\">...<\/a><\/p>","protected":false},"author":1,"featured_media":38810,"comment_status":"open","ping_status":"open","sticky":false,"template":"","format":"standard","meta":{"_acf_changed":false,"footnotes":""},"categories":[41,127],"tags":[22],"class_list":["post-38791","post","type-post","status-publish","format-standard","has-post-thumbnail","hentry","category-vie","category-saisons","tag-lactofermentation"],"acf":[],"aioseo_notices":[],"_links":{"self":[{"href":"https:\/\/fermentierra.com\/de\/wp-json\/wp\/v2\/posts\/38791","targetHints":{"allow":["GET"]}}],"collection":[{"href":"https:\/\/fermentierra.com\/de\/wp-json\/wp\/v2\/posts"}],"about":[{"href":"https:\/\/fermentierra.com\/de\/wp-json\/wp\/v2\/types\/post"}],"author":[{"embeddable":true,"href":"https:\/\/fermentierra.com\/de\/wp-json\/wp\/v2\/users\/1"}],"replies":[{"embeddable":true,"href":"https:\/\/fermentierra.com\/de\/wp-json\/wp\/v2\/comments?post=38791"}],"version-history":[{"count":0,"href":"https:\/\/fermentierra.com\/de\/wp-json\/wp\/v2\/posts\/38791\/revisions"}],"wp:featuredmedia":[{"embeddable":true,"href":"https:\/\/fermentierra.com\/de\/wp-json\/wp\/v2\/media\/38810"}],"wp:attachment":[{"href":"https:\/\/fermentierra.com\/de\/wp-json\/wp\/v2\/media?parent=38791"}],"wp:term":[{"taxonomy":"category","embeddable":true,"href":"https:\/\/fermentierra.com\/de\/wp-json\/wp\/v2\/categories?post=38791"},{"taxonomy":"post_tag","embeddable":true,"href":"https:\/\/fermentierra.com\/de\/wp-json\/wp\/v2\/tags?post=38791"}],"curies":[{"name":"wp","href":"https:\/\/api.w.org\/{rel}","templated":true}]}}