{"id":38736,"date":"2025-03-25T14:36:29","date_gmt":"2025-03-25T14:36:29","guid":{"rendered":"https:\/\/www.fermentierra.com\/?p=38736"},"modified":"2025-03-26T17:46:44","modified_gmt":"2025-03-26T17:46:44","slug":"%f0%9f%8c%b1-le-pouvoir-de-la-fermentation-au-printemps","status":"publish","type":"post","link":"https:\/\/fermentierra.com\/en\/%f0%9f%8c%b1-le-pouvoir-de-la-fermentation-au-printemps\/","title":{"rendered":"\ud83c\udf31 The power of fermentation in spring :"},"content":{"rendered":"<div class=\"wp-block-image\">\n<figure class=\"aligncenter size-large is-resized\"><img loading=\"lazy\" decoding=\"async\" width=\"1024\" height=\"681\" src=\"https:\/\/qb233zbtdie.preview.infomaniak.website\/wp-content\/uploads\/2025\/03\/salad-7249259_1280-1024x681.jpg\" alt=\"\" class=\"wp-image-38756\" style=\"width:389px;height:auto\" srcset=\"https:\/\/fermentierra.com\/wp-content\/uploads\/2025\/03\/salad-7249259_1280-1024x681.jpg 1024w, https:\/\/fermentierra.com\/wp-content\/uploads\/2025\/03\/salad-7249259_1280-600x399.jpg 600w, https:\/\/fermentierra.com\/wp-content\/uploads\/2025\/03\/salad-7249259_1280-300x199.jpg 300w, https:\/\/fermentierra.com\/wp-content\/uploads\/2025\/03\/salad-7249259_1280-768x511.jpg 768w, https:\/\/fermentierra.com\/wp-content\/uploads\/2025\/03\/salad-7249259_1280-18x12.jpg 18w, https:\/\/fermentierra.com\/wp-content\/uploads\/2025\/03\/salad-7249259_1280-96x64.jpg 96w, https:\/\/fermentierra.com\/wp-content\/uploads\/2025\/03\/salad-7249259_1280-42x28.jpg 42w, https:\/\/fermentierra.com\/wp-content\/uploads\/2025\/03\/salad-7249259_1280.jpg 1280w\" sizes=\"auto, (max-width: 1024px) 100vw, 1024px\" \/><\/figure>\n<\/div>\n\n\n<h1 class=\"wp-block-heading\">A living tradition on your plate<\/h1>\n\n\n\n<p class=\"\"><strong>At a time when nature is coming back to life, have you thought about breathing new life into your diet?<\/strong><\/p>\n\n\n\n<p class=\"\"><br>At Fermentierra, we believe that every season is an opportunity to nourish our bodies differently. <strong>\ud83c\udf31 The power of fermentation in spring <\/strong>va vous accompagner pour la sortie de l\u2019hibernation.<\/p>\n\n\n\n<h2 class=\"wp-block-heading\">\ud83c\udf3fFermentation: a link between the seasons<\/h2>\n\n\n\n<p class=\"\">When winter vegetables begin to ferment, they undergo a slow, natural transformation. This ancestral know-how makes the most of the harvest, while creating unique, evolving flavors.<\/p>\n\n\n\n<p class=\"\">The result? Little jars bursting with personality, ready to wake up your plates and breathe new energy with the return of the first flowers. \ud83c\udf38\u2728<\/p>\n\n\n\n<p class=\"\">These preparations are ideal for adding depth to a lighter, more plant-based cuisine.<\/p>\n\n\n<div class=\"wp-block-image\">\n<figure class=\"aligncenter size-large is-resized\"><img loading=\"lazy\" decoding=\"async\" width=\"1024\" height=\"682\" src=\"https:\/\/qb233zbtdie.preview.infomaniak.website\/wp-content\/uploads\/2025\/03\/crocus-2139395_1280-1024x682.jpg\" alt=\"\" class=\"wp-image-38749\" style=\"width:383px;height:auto\" srcset=\"https:\/\/fermentierra.com\/wp-content\/uploads\/2025\/03\/crocus-2139395_1280-1024x682.jpg 1024w, https:\/\/fermentierra.com\/wp-content\/uploads\/2025\/03\/crocus-2139395_1280-600x400.jpg 600w, https:\/\/fermentierra.com\/wp-content\/uploads\/2025\/03\/crocus-2139395_1280-300x200.jpg 300w, https:\/\/fermentierra.com\/wp-content\/uploads\/2025\/03\/crocus-2139395_1280-768x512.jpg 768w, https:\/\/fermentierra.com\/wp-content\/uploads\/2025\/03\/crocus-2139395_1280-18x12.jpg 18w, https:\/\/fermentierra.com\/wp-content\/uploads\/2025\/03\/crocus-2139395_1280-96x64.jpg 96w, https:\/\/fermentierra.com\/wp-content\/uploads\/2025\/03\/crocus-2139395_1280-42x28.jpg 42w, https:\/\/fermentierra.com\/wp-content\/uploads\/2025\/03\/crocus-2139395_1280.jpg 1280w\" sizes=\"auto, (max-width: 1024px) 100vw, 1024px\" \/><\/figure>\n<\/div>\n\n\n<h2 class=\"wp-block-heading\">\ud83c\udf3fWhy eat fermented foods in spring?<\/h2>\n\n\n\n<p class=\"\">Alors que le printemps d\u00e9ploie ses couleurs et que la nature s\u2019\u00e9veille, notre corps, lui aussi, se met en mode \u00ab\u00a0renouveau\u00a0\u00bb. Les temp\u00e9ratures plus douces signalent \u00e0 notre organisme qu\u2019il est temps d\u2019entamer un processus naturel de d\u00e9toxification, une sorte de grand nettoyage interne. Pour accompagner ce processus en douceur et en profondeur, certains aliments sont particuli\u00e8rement b\u00e9n\u00e9fiques :<\/p>\n\n\n\n<ul class=\"wp-block-list\">\n<li class=\"\"><strong>ferment\u00e9s avec soin, les l\u00e9gumes deviennent des alli\u00e9s puissants. Ils peuvent faciliter la digestion et l\u2019assimilation des nutriments, all\u00e9geant ainsi le travail de l\u2019organisme<\/strong><\/li>\n\n\n\n<li class=\"\"><strong>green vegetables galore :<\/strong> Rich in chlorophyll, a pigment with detoxifying and oxygenating properties, they help purify the blood and revitalize cells.<\/li>\n\n\n\n<li class=\"\"><strong>combine stimulating spices :<\/strong> Curcuma, gingembre, piment de Cayenne\u2026 Ces \u00e9pices peuvent favoriser l\u2019\u00e9limination des toxines et stimulent la r\u00e9g\u00e9n\u00e9ration des tissus.<\/li>\n<\/ul>\n\n\n\n<p class=\"\">These springtime foods - fermented vegetables, greens and spices - are traditionally recognized for their nutritional qualities. As part of a varied, balanced diet, they can contribute to :<\/p>\n\n\n\n<p class=\"\">\ud83c\udf08 <strong>Bring variety and color to your dishes:<\/strong> Varier les couleurs dans son assiette est un bon moyen de diversifier les apports nutritionnels, en plus d\u2019\u00eatre agr\u00e9able visuellement.<\/p>\n\n\n\n<p class=\"\">\ud83c\udf31 <strong>Promote a healthy intestinal balance:<\/strong> Fermentiertes Gem\u00fcse enth\u00e4lt Milchs\u00e4urebakterien, die aus der Fermentation stammen. Eine abwechslungsreiche Ern\u00e4hrung tr\u00e4gt zur Vielfalt der Mikrobiota bei.<\/p>\n\n\n\n<p class=\"\">\ud83c\udf43 <strong>Support comfortable digestion:<\/strong> La consommation de l\u00e9gumes, de mani\u00e8re g\u00e9n\u00e9rale, est recommand\u00e9e dans le cadre d\u2019une alimentation \u00e9quilibr\u00e9e.<\/p>\n\n\n\n<p class=\"\">\ud83d\udcaa <strong>Participer au bon fonctionnement de l\u2019organisme :<\/strong> Une alimentation riche en nutriments vari\u00e9s est essentielle au maintien d\u2019une bonne sant\u00e9.<\/p>\n\n\n<div class=\"wp-block-image\">\n<figure class=\"aligncenter size-large is-resized\"><img loading=\"lazy\" decoding=\"async\" width=\"1024\" height=\"682\" src=\"https:\/\/qb233zbtdie.preview.infomaniak.website\/wp-content\/uploads\/2025\/03\/background-4217461_1280-1024x682.jpg\" alt=\"Image by \u0412\u043b\u0430\u0434\u0438\u043c\u0438\u0440 from Pixabay\" class=\"wp-image-38750\" style=\"width:443px;height:auto\" srcset=\"https:\/\/fermentierra.com\/wp-content\/uploads\/2025\/03\/background-4217461_1280-1024x682.jpg 1024w, https:\/\/fermentierra.com\/wp-content\/uploads\/2025\/03\/background-4217461_1280-600x399.jpg 600w, https:\/\/fermentierra.com\/wp-content\/uploads\/2025\/03\/background-4217461_1280-300x200.jpg 300w, https:\/\/fermentierra.com\/wp-content\/uploads\/2025\/03\/background-4217461_1280-768x511.jpg 768w, https:\/\/fermentierra.com\/wp-content\/uploads\/2025\/03\/background-4217461_1280-18x12.jpg 18w, https:\/\/fermentierra.com\/wp-content\/uploads\/2025\/03\/background-4217461_1280-96x64.jpg 96w, https:\/\/fermentierra.com\/wp-content\/uploads\/2025\/03\/background-4217461_1280-42x28.jpg 42w, https:\/\/fermentierra.com\/wp-content\/uploads\/2025\/03\/background-4217461_1280.jpg 1280w\" sizes=\"auto, (max-width: 1024px) 100vw, 1024px\" \/><\/figure>\n<\/div>\n\n\n<h2 class=\"wp-block-heading\">\ud83c\udf7d\ufe0f Simple ideas for livening up your recipes<\/h2>\n\n\n\n<p class=\"\">Nothing could be simpler:<br>\u27a1\ufe0fAdd a spoonful of <a href=\"https:\/\/qb233zbtdie.preview.infomaniak.website\/produit\/legumes-lactofermentes-suisse-chi-n2\/\" target=\"_blank\" rel=\"noopener\" title=\"\">Switzerland-Chi 2<\/a> to a dandelion salad<br>\u27a1\ufe0fPlace our <a href=\"https:\/\/qb233zbtdie.preview.infomaniak.website\/produit\/legumes-lactofermentes-carottes-a-la-marocaine\/\" target=\"_blank\" rel=\"noopener\" title=\"\">fermented carrots<\/a> on a toast of fresh goat's cheese 2025<br>\u27a1\ufe0f <a href=\"https:\/\/qb233zbtdie.preview.infomaniak.website\/manger-les-legumes-lactofermentes-cest-simple\/\" target=\"_blank\" rel=\"noopener\" title=\"\">Serve them<\/a> as an accompaniment to light dishes <strong>for example in sandwiches<\/strong>for your first mountain hikes<\/p>\n\n\n\n<p class=\"\"><strong>A simple, tasty way to add the benefits of living organisms to your daily meals.<\/strong><\/p>\n\n\n\n<h2 class=\"wp-block-heading\">\ud83e\udde1 An age-old tradition, a modern gesture<\/h2>\n\n\n\n<p class=\"\">Artisanal fermentation is part of an approach that respects time, terroir and diversity.<br>At <a href=\"https:\/\/qb233zbtdie.preview.infomaniak.website\" title=\"\">Fermentierra<\/a>, every preparation is made with organic and local vegetables, worked by hand with patience and passion.<\/p>\n\n\n\n<p class=\"\">It's also a tribute to culinary traditions from near and far - and a way of bringing the past and present together on our plates.<\/p>\n\n\n\n<hr class=\"wp-block-separator has-alpha-channel-opacity\"\/>\n\n\n\n<h3 class=\"wp-block-heading\">\ud83c\udf1f Ready to put a little pep back into your dishes?<\/h3>\n\n\n\n<p class=\"\">Join the Fermentierra community :<br>\u2714\ufe0f Homemade jars<br>\u2714\ufe0f Organic and local fermented vegetables<br>\u2714\ufe0f A committed artisanal approach<\/p>\n\n\n\n<p class=\"\">And don't miss any of our news:<br>\u27a1\ufe0f Follow us on <a href=\"https:\/\/www.instagram.com\/fermentierra\/\" target=\"_blank\" rel=\"noopener\" title=\"\">Instagram<\/a><br>\u27a1\ufe0f Subscribe to our <a href=\"https:\/\/qb233zbtdie.preview.infomaniak.website\/inscription-newsletter\/\" target=\"_blank\" rel=\"noopener\" title=\"\">newsletter<\/a><br>\u27a1\ufe0f Or visit us at our <a href=\"https:\/\/qb233zbtdie.preview.infomaniak.website\/\" target=\"_blank\" rel=\"noopener\" title=\"\">online store<\/a><\/p>\n\n\n\n<div class=\"nfd-container nfd-p-md nfd-wb-blog__blog-1 wp-block-group\"><div class=\"wp-block-group__inner-container is-layout-constrained wp-block-group-is-layout-constrained\">\n<div class=\"wp-block-query is-layout-flow wp-block-query-is-layout-flow\">\n<div class=\"wp-block-group\"><div class=\"wp-block-group__inner-container is-layout-constrained wp-block-group-is-layout-constrained\"><ul class=\"columns-3 nfd-gap-xl wp-block-post-template is-layout-grid wp-container-core-post-template-is-layout-2fc57c17 wp-block-post-template-is-layout-grid\"><li class=\"wp-block-post post-40933 post type-post status-publish format-standard has-post-thumbnail hentry category-vie tag-lacofermentation tag-inspiration tag-biologique\">\n<figure style=\"aspect-ratio:3\/2; margin-bottom:24px;\" class=\"nfd-rounded wp-block-post-featured-image\"><a href=\"https:\/\/fermentierra.com\/en\/manger-vivant\/\" target=\"_self\"  ><img loading=\"lazy\" decoding=\"async\" width=\"760\" height=\"400\" src=\"https:\/\/fermentierra.com\/wp-content\/uploads\/2026\/04\/recolte-chou-choucroute-760x400.jpg\" class=\"attachment-post-thumbnail size-post-thumbnail wp-post-image\" alt=\"La plus ancienne biotechnologie de l\u2019humanit\u00e9\" style=\"width:100%;height:100%;object-fit:cover;\" \/><\/a><\/figure>\n\n\n<div class=\"wp-block-group is-nowrap is-layout-flex wp-container-core-group-is-layout-ad2f72ca wp-block-group-is-layout-flex\">\n<div class=\"nfd-bg-subtle nfd-text-xs nfd-rounded-sm wp-block-group\" style=\"padding-top:4px;padding-right:10px;padding-bottom:4px;padding-left:10px;font-style:normal;font-weight:600;letter-spacing:0.05em;text-transform:uppercase\"><div class=\"wp-block-group__inner-container is-layout-constrained wp-container-core-group-is-layout-ebcd49d3 wp-block-group-is-layout-constrained\"><div class=\"taxonomy-category nfd-text-faded wp-block-post-terms\"><a href=\"https:\/\/fermentierra.com\/en\/category\/vie\/\" rel=\"tag\">Life<\/a><\/div><\/div><\/div>\n<\/div>\n\n\n<h3 style=\"font-style:normal;font-weight:500; margin-top:var(--wp--preset--spacing--20);margin-bottom:var(--wp--preset--spacing--20);\" class=\"nfd-text-lg nfd-text-contrast nfd-text-balance wp-block-post-title\"><a href=\"https:\/\/fermentierra.com\/en\/manger-vivant\/\" target=\"_self\" >La plus ancienne biotechnologie de l\u2019humanit\u00e9<\/a><\/h3>\n\n<div style=\"text-transform:uppercase;\" class=\"nfd-text-faded nfd-text-xs wp-block-post-date\"><time datetime=\"2026-04-24T15:43:26+00:00\">24 April 2026<\/time><\/div>\n<\/li><li class=\"wp-block-post post-40672 post type-post status-publish format-standard has-post-thumbnail hentry category-recettes category-vie tag-idees tag-cuisine tag-dietetique tag-equilibre\">\n<figure style=\"aspect-ratio:3\/2; margin-bottom:24px;\" class=\"nfd-rounded wp-block-post-featured-image\"><a href=\"https:\/\/fermentierra.com\/en\/regle-cuillere-dosage-legumes-fermentes\/\" target=\"_self\"  ><img loading=\"lazy\" decoding=\"async\" width=\"760\" height=\"400\" src=\"https:\/\/fermentierra.com\/wp-content\/uploads\/2026\/02\/legumes-fermentes-dosage-cuillere-760x400.jpg\" class=\"attachment-post-thumbnail size-post-thumbnail wp-post-image\" alt=\"Trop fort ? L\u2019astuce simple pour enfin aimer les l\u00e9gumes ferment\u00e9s\" style=\"width:100%;height:100%;object-fit:cover;\" srcset=\"https:\/\/fermentierra.com\/wp-content\/uploads\/2026\/02\/legumes-fermentes-dosage-cuillere-760x400.jpg 760w, https:\/\/fermentierra.com\/wp-content\/uploads\/2026\/02\/legumes-fermentes-dosage-cuillere-18x10.jpg 18w\" sizes=\"auto, (max-width: 760px) 100vw, 760px\" \/><\/a><\/figure>\n\n\n<div class=\"wp-block-group is-nowrap is-layout-flex wp-container-core-group-is-layout-ad2f72ca wp-block-group-is-layout-flex\">\n<div class=\"nfd-bg-subtle nfd-text-xs nfd-rounded-sm wp-block-group\" style=\"padding-top:4px;padding-right:10px;padding-bottom:4px;padding-left:10px;font-style:normal;font-weight:600;letter-spacing:0.05em;text-transform:uppercase\"><div class=\"wp-block-group__inner-container is-layout-constrained wp-container-core-group-is-layout-ebcd49d3 wp-block-group-is-layout-constrained\"><div class=\"taxonomy-category nfd-text-faded wp-block-post-terms\"><a href=\"https:\/\/fermentierra.com\/en\/category\/recettes\/\" rel=\"tag\">Recipes<\/a><span class=\"wp-block-post-terms__separator\"> \u00b7 <\/span><a href=\"https:\/\/fermentierra.com\/en\/category\/vie\/\" rel=\"tag\">Life<\/a><\/div><\/div><\/div>\n<\/div>\n\n\n<h3 style=\"font-style:normal;font-weight:500; margin-top:var(--wp--preset--spacing--20);margin-bottom:var(--wp--preset--spacing--20);\" class=\"nfd-text-lg nfd-text-contrast nfd-text-balance wp-block-post-title\"><a href=\"https:\/\/fermentierra.com\/en\/regle-cuillere-dosage-legumes-fermentes\/\" target=\"_self\" >Trop fort ? L\u2019astuce simple pour enfin aimer les l\u00e9gumes ferment\u00e9s<\/a><\/h3>\n\n<div style=\"text-transform:uppercase;\" class=\"nfd-text-faded nfd-text-xs wp-block-post-date\"><time datetime=\"2026-04-22T07:20:17+00:00\">22 April 2026<\/time><\/div>\n<\/li><li class=\"wp-block-post post-40911 post type-post status-publish format-standard has-post-thumbnail hentry category-uncategorized\">\n<figure style=\"aspect-ratio:3\/2; margin-bottom:24px;\" class=\"nfd-rounded wp-block-post-featured-image\"><a href=\"https:\/\/fermentierra.com\/en\/legumes-fermentes-tradition-monde\/\" target=\"_self\"  ><img loading=\"lazy\" decoding=\"async\" width=\"740\" height=\"400\" src=\"https:\/\/fermentierra.com\/wp-content\/uploads\/2026\/03\/pickles-japon-740x400.webp\" class=\"attachment-post-thumbnail size-post-thumbnail wp-post-image\" alt=\"Le monde entier mange ferment\u00e9.\" style=\"width:100%;height:100%;object-fit:cover;\" \/><\/a><\/figure>\n\n\n<div class=\"wp-block-group is-nowrap is-layout-flex wp-container-core-group-is-layout-ad2f72ca wp-block-group-is-layout-flex\">\n<div class=\"nfd-bg-subtle nfd-text-xs nfd-rounded-sm wp-block-group\" style=\"padding-top:4px;padding-right:10px;padding-bottom:4px;padding-left:10px;font-style:normal;font-weight:600;letter-spacing:0.05em;text-transform:uppercase\"><div class=\"wp-block-group__inner-container is-layout-constrained wp-container-core-group-is-layout-ebcd49d3 wp-block-group-is-layout-constrained\"><div class=\"taxonomy-category nfd-text-faded wp-block-post-terms\"><a href=\"https:\/\/fermentierra.com\/en\/category\/uncategorized\/\" rel=\"tag\">Uncategorized<\/a><\/div><\/div><\/div>\n<\/div>\n\n\n<h3 style=\"font-style:normal;font-weight:500; margin-top:var(--wp--preset--spacing--20);margin-bottom:var(--wp--preset--spacing--20);\" class=\"nfd-text-lg nfd-text-contrast nfd-text-balance wp-block-post-title\"><a href=\"https:\/\/fermentierra.com\/en\/legumes-fermentes-tradition-monde\/\" target=\"_self\" >Le monde entier mange ferment\u00e9.<\/a><\/h3>\n\n<div style=\"text-transform:uppercase;\" class=\"nfd-text-faded nfd-text-xs wp-block-post-date\"><time datetime=\"2026-04-22T07:00:05+00:00\">22 April 2026<\/time><\/div>\n<\/li><\/ul><\/div><\/div>\n<\/div>\n<\/div><\/div>\n\n\n\n<p class=\"\"><\/p>","protected":false},"excerpt":{"rendered":"<p>A living tradition on your plate At a time when nature is coming back to life, have you thought about breathing new life into your diet? At Fermentierra, we believe that every season is an opportunity to nourish our bodies differently. The power of lacto-fermentation in spring&nbsp;<a class=\"read-more\" href=\"https:\/\/fermentierra.com\/en\/%f0%9f%8c%b1-le-pouvoir-de-la-fermentation-au-printemps\/\">...<\/a><\/p>","protected":false},"author":1,"featured_media":38756,"comment_status":"open","ping_status":"open","sticky":false,"template":"","format":"standard","meta":{"_acf_changed":false,"footnotes":""},"categories":[41,122,127],"tags":[22,123,124,125],"class_list":["post-38736","post","type-post","status-publish","format-standard","has-post-thumbnail","hentry","category-vie","category-savoir","category-saisons","tag-lactofermentation","tag-saisons","tag-tips","tag-equilibre"],"acf":[],"aioseo_notices":[],"_links":{"self":[{"href":"https:\/\/fermentierra.com\/en\/wp-json\/wp\/v2\/posts\/38736","targetHints":{"allow":["GET"]}}],"collection":[{"href":"https:\/\/fermentierra.com\/en\/wp-json\/wp\/v2\/posts"}],"about":[{"href":"https:\/\/fermentierra.com\/en\/wp-json\/wp\/v2\/types\/post"}],"author":[{"embeddable":true,"href":"https:\/\/fermentierra.com\/en\/wp-json\/wp\/v2\/users\/1"}],"replies":[{"embeddable":true,"href":"https:\/\/fermentierra.com\/en\/wp-json\/wp\/v2\/comments?post=38736"}],"version-history":[{"count":0,"href":"https:\/\/fermentierra.com\/en\/wp-json\/wp\/v2\/posts\/38736\/revisions"}],"wp:featuredmedia":[{"embeddable":true,"href":"https:\/\/fermentierra.com\/en\/wp-json\/wp\/v2\/media\/38756"}],"wp:attachment":[{"href":"https:\/\/fermentierra.com\/en\/wp-json\/wp\/v2\/media?parent=38736"}],"wp:term":[{"taxonomy":"category","embeddable":true,"href":"https:\/\/fermentierra.com\/en\/wp-json\/wp\/v2\/categories?post=38736"},{"taxonomy":"post_tag","embeddable":true,"href":"https:\/\/fermentierra.com\/en\/wp-json\/wp\/v2\/tags?post=38736"}],"curies":[{"name":"wp","href":"https:\/\/api.w.org\/{rel}","templated":true}]}}