{"id":38791,"date":"2025-03-31T00:37:51","date_gmt":"2025-03-31T00:37:51","guid":{"rendered":"https:\/\/www.fermentierra.com\/?p=38791"},"modified":"2025-03-31T00:37:55","modified_gmt":"2025-03-31T00:37:55","slug":"fermentierra-5-ans-de-passion-fermentee","status":"publish","type":"post","link":"https:\/\/fermentierra.com\/en\/fermentierra-5-ans-de-passion-fermentee\/","title":{"rendered":"Fermentierra: 5 years of fermented passion"},"content":{"rendered":"<div class=\"wp-block-image\">\n<figure class=\"aligncenter size-full is-resized\"><img loading=\"lazy\" decoding=\"async\" width=\"1024\" height=\"1024\" src=\"https:\/\/qb233zbtdie.preview.infomaniak.website\/wp-content\/uploads\/2025\/03\/illustration_livre1.png\" alt=\"\" class=\"wp-image-38807\" style=\"width:382px;height:auto\" srcset=\"https:\/\/fermentierra.com\/wp-content\/uploads\/2025\/03\/illustration_livre1.png 1024w, https:\/\/fermentierra.com\/wp-content\/uploads\/2025\/03\/illustration_livre1-100x100.png 100w, https:\/\/fermentierra.com\/wp-content\/uploads\/2025\/03\/illustration_livre1-600x600.png 600w, https:\/\/fermentierra.com\/wp-content\/uploads\/2025\/03\/illustration_livre1-300x300.png 300w, https:\/\/fermentierra.com\/wp-content\/uploads\/2025\/03\/illustration_livre1-150x150.png 150w, https:\/\/fermentierra.com\/wp-content\/uploads\/2025\/03\/illustration_livre1-768x768.png 768w, https:\/\/fermentierra.com\/wp-content\/uploads\/2025\/03\/illustration_livre1-12x12.png 12w, https:\/\/fermentierra.com\/wp-content\/uploads\/2025\/03\/illustration_livre1-96x96.png 96w, https:\/\/fermentierra.com\/wp-content\/uploads\/2025\/03\/illustration_livre1-42x42.png 42w\" sizes=\"auto, (max-width: 1024px) 100vw, 1024px\" \/><\/figure>\n<\/div>\n\n\n<h1 class=\"wp-block-heading\">Live fermentation in the heart of French-speaking Switzerland<\/h1>\n\n\n\n<h2 class=\"wp-block-heading\">An adventure that began with a jar<\/h2>\n\n\n\n<p class=\"\">Five years ago, <a href=\"https:\/\/qb233zbtdie.preview.infomaniak.website\/fermenteurs\/\" target=\"_blank\" rel=\"noopener\" title=\"who we are\">Fermentierra<\/a> was born in a kitchen corner, with a simple dream: to rediscover the forgotten virtues of lacto-fermented vegetables. At the time, few people in French-speaking Switzerland were talking about artisanal fermentation. Today, this ancestral practice is enjoying a revival, and Fermentierra has established itself as a benchmark in the field.<\/p>\n\n\n\n<p class=\"\">From local markets to specialist conferences, and the ever-growing number of shelves that house our jars, our presence has grown with the times. Behind each new creation is a desire to offer food that's alive, committed, accessible... and delicious.<\/p>\n\n\n\n<h2 class=\"wp-block-heading\">A symbolic milestone: 5 years of fermentation, transmission and passion<\/h2>\n\n\n\n<p class=\"\">Celebrating five years isn't just about blowing out candles. It's also about looking back at how far we've come. It's a journey made up of thousands of jars, vegetables from local producers, shared workshops, enthusiastic feedback... and a lot of listening. Because at Fermentierra, we've always wanted to listen to the living - the living that sparkles in our jars, as well as the living that animates our community.<\/p>\n\n\n\n<p class=\"\">These five years have enabled us to lay the solid foundations of a coherent, artisanal project rooted in its local area. Today, we are proud to contribute to the evolution of eating habits towards greater awareness, greater respect for the microbiota, and greater pleasure.<\/p>\n\n\n<div class=\"wp-block-image\">\n<figure class=\"aligncenter size-large is-resized\"><img loading=\"lazy\" decoding=\"async\" width=\"683\" height=\"1024\" src=\"https:\/\/qb233zbtdie.preview.infomaniak.website\/wp-content\/uploads\/2025\/03\/photo-5ans-blog-1-683x1024.png\" alt=\"\" class=\"wp-image-38806\" style=\"width:261px;height:auto\" srcset=\"https:\/\/fermentierra.com\/wp-content\/uploads\/2025\/03\/photo-5ans-blog-1-683x1024.png 683w, https:\/\/fermentierra.com\/wp-content\/uploads\/2025\/03\/photo-5ans-blog-1-600x900.png 600w, https:\/\/fermentierra.com\/wp-content\/uploads\/2025\/03\/photo-5ans-blog-1-200x300.png 200w, https:\/\/fermentierra.com\/wp-content\/uploads\/2025\/03\/photo-5ans-blog-1-768x1152.png 768w, https:\/\/fermentierra.com\/wp-content\/uploads\/2025\/03\/photo-5ans-blog-1-8x12.png 8w, https:\/\/fermentierra.com\/wp-content\/uploads\/2025\/03\/photo-5ans-blog-1-64x96.png 64w, https:\/\/fermentierra.com\/wp-content\/uploads\/2025\/03\/photo-5ans-blog-1-28x42.png 28w, https:\/\/fermentierra.com\/wp-content\/uploads\/2025\/03\/photo-5ans-blog-1.png 1024w\" sizes=\"auto, (max-width: 683px) 100vw, 683px\" \/><\/figure>\n<\/div>\n\n\n<h2 class=\"wp-block-heading\">Why is fermentation becoming so popular?<\/h2>\n\n\n\n<p class=\"\">Fermentation is not a fad. It's a return to basics. In a world saturated with ultra-processing, frenetic pace and miraculous promises, lacto-fermentation offers a different tempo: that of long time, natural taste and lasting intestinal balance.<\/p>\n\n\n\n<p class=\"\">Rich in micro-organisms produced by fermentation, fermented vegetables are distinguished by their aromatic complexity and age-old tradition. Today, they are part of a varied and balanced diet, increasingly sought-after for digestive comfort and the growing interest in intestinal microbiota. Easy to use, these foods can be added to a wide variety of everyday dishes.<\/p>\n\n\n\n<p class=\"\">Try, for example, a spoonful of <a href=\"https:\/\/qb233zbtdie.preview.infomaniak.website\/produit\/legumes-lactofermente-chou-rouge\/\" target=\"_blank\" rel=\"noopener\" title=\"\">shanti-chou<\/a> (raw sauerkraut) on toast, a few slices of fermented beet in a salad or even a fizzy fermented juice as an aperitif... The effect is immediate, and often addictive - in a good way.<\/p>\n\n\n\n<h2 class=\"wp-block-heading\">Fermentierra: a voice that counts in French-speaking Switzerland<\/h2>\n\n\n\n<p class=\"\">Over the years, Fermentierra has become a recognized voice on the artisanal fermentation scene in French-speaking Switzerland. Our approach, blending tradition and contemporary standards, appeals as much to the curious as to health and gastronomy professionals.<\/p>\n\n\n\n<p class=\"\">We've been invited to speak at integrative nutrition events, collaborated with committed chefs and welcomed hundreds of participants to our workshops, eager to learn more about the powers of the living. This recognition is invaluable, as it spurs us on to go even further in terms of quality, education and innovation.<\/p>\n\n\n<div class=\"wp-block-image\">\n<figure class=\"aligncenter size-large is-resized\"><img loading=\"lazy\" decoding=\"async\" width=\"1024\" height=\"683\" src=\"https:\/\/qb233zbtdie.preview.infomaniak.website\/wp-content\/uploads\/2025\/03\/illustration_livre-1024x683.png\" alt=\"\" class=\"wp-image-38808\" style=\"width:594px;height:auto\" srcset=\"https:\/\/fermentierra.com\/wp-content\/uploads\/2025\/03\/illustration_livre-1024x683.png 1024w, https:\/\/fermentierra.com\/wp-content\/uploads\/2025\/03\/illustration_livre-600x400.png 600w, https:\/\/fermentierra.com\/wp-content\/uploads\/2025\/03\/illustration_livre-300x200.png 300w, https:\/\/fermentierra.com\/wp-content\/uploads\/2025\/03\/illustration_livre-768x512.png 768w, https:\/\/fermentierra.com\/wp-content\/uploads\/2025\/03\/illustration_livre-18x12.png 18w, https:\/\/fermentierra.com\/wp-content\/uploads\/2025\/03\/illustration_livre-96x64.png 96w, https:\/\/fermentierra.com\/wp-content\/uploads\/2025\/03\/illustration_livre-42x28.png 42w, https:\/\/fermentierra.com\/wp-content\/uploads\/2025\/03\/illustration_livre.png 1536w\" sizes=\"auto, (max-width: 1024px) 100vw, 1024px\" \/><\/figure>\n<\/div>\n\n\n<h2 class=\"wp-block-heading\">A birthday, a celebration, and an invitation<\/h2>\n\n\n\n<p class=\"\">Visit <strong>June 21, 2025<\/strong>We'll be celebrating our 5th anniversary with a unique event. In collaboration with<a href=\"https:\/\/www.kosmos-drinks.ch\/\" target=\"_blank\" rel=\"noopener\" title=\"\"> <strong>Kosmos Drinks<\/strong><\/a>we're delighted to welcome two exceptional figures:<\/p>\n\n\n\n<ul class=\"wp-block-list\">\n<li class=\"\">\ud83c\udf99\ufe0f <strong><a href=\"https:\/\/www.wildfermentation.com\/\" target=\"_blank\" rel=\"noopener\" title=\"\">Sandor Ellix Katz<\/a><\/strong>author and pioneer of wild fermentation<\/li>\n\n\n\n<li class=\"\">\ud83c\udf3f <strong><a href=\"https:\/\/www.olivier-bourquin.ch\/\" target=\"_blank\" rel=\"noopener\" title=\"\">Olivier Bourquin<\/a><\/strong>specialist in integrative health and sustainable performance<\/li>\n\n\n\n<li class=\"\">\ud83d\udcd7<a href=\"https:\/\/www.lespressesdureel.com\/ouvrage.php?id=11710&menu=0\" target=\"_blank\" rel=\"noopener\" title=\"\"><strong>Ludovic Burrel<\/strong><\/a>, est artiste, \u00e9diteur et cofondateur de\u00a0it: \u00e9ditions, enseignant en \u00e9coles d\u2019art.<\/li>\n<\/ul>\n\n\n\n<p class=\"\">This event is open to all those who wish to discover, deepen or simply experience a vibrant moment around fermentation. It's the perfect opportunity to come and taste, ask questions, and perhaps leave with the desire to let a little more life into your plate.<\/p>\n\n\n\n<h2 class=\"wp-block-heading\">Want to give it a try?<\/h2>\n\n\n\n<p class=\"\">If you're not yet familiar with our creations, now might be a good time to take the first step. <a href=\"https:\/\/qb233zbtdie.preview.infomaniak.website\/\" target=\"_blank\" rel=\"noopener\" title=\"\">Fermentierra<\/a> propose une gamme vari\u00e9e de l\u00e9gumes ferment\u00e9s, de l\u2019ail noir, des moutardes et d\u2019autres sp\u00e9cialit\u00e9s, disponibles en ligne ou chez nos partenaires distributeurs.<\/p>\n\n\n\n<p class=\"\">And if you're already a fan, why not introduce a loved one to our jars? Each jar is a gateway to a world of taste and vitality.<\/p>\n\n\n\n<h2 class=\"wp-block-heading\">5 years... and what's next?<\/h2>\n\n\n\n<p class=\"\">We have no fixed plan. Just a desire to continue creating, transmitting, learning and kneading living things. We want to cultivate the art of slowing down, listening to the seasons and moving towards healthier habits - without ever sacrificing pleasure.<\/p>\n\n\n\n<p class=\"\">Thank you for walking this path with us. And if you're discovering Fermentierra today, you're very welcome. The living is generous, with room for everyone at the table.<\/p>\n\n\n\n<p class=\"\"><strong>\ud83d\udc49 Discover our world : <a href=\"https:\/\/qb233zbtdie.preview.infomaniak.website\">fermentierra.com<\/a><\/strong><\/p>\n\n\n\n<p class=\"\">\ud83d\udce9 Stay tuned to our news : <a href=\"https:\/\/qb233zbtdie.preview.infomaniak.website\/inscription-newsletter\/\" target=\"_blank\" rel=\"noopener\" title=\"\">subscribe to our newsletter<\/a><\/p>\n\n\n\n<p class=\"\">\ud83d\udcf8 Follow our daily life and our backstage : <a href=\"https:\/\/www.instagram.com\/fermentierra\" target=\"_blank\" rel=\"noreferrer noopener\">@fermentierra on Instagram<\/a><\/p>\n\n\n\n<div class=\"nfd-container nfd-p-md nfd-wb-blog__blog-1 wp-block-group\"><div class=\"wp-block-group__inner-container is-layout-constrained wp-block-group-is-layout-constrained\">\n<div class=\"wp-block-query is-layout-flow wp-block-query-is-layout-flow\"><ul class=\"columns-3 nfd-gap-xl wp-block-post-template is-layout-grid wp-container-core-post-template-is-layout-2fc57c17 wp-block-post-template-is-layout-grid\"><li class=\"wp-block-post post-40933 post type-post status-publish format-standard has-post-thumbnail hentry category-vie tag-inspiration tag-biologique tag-lacofermentation\">\n<figure style=\"aspect-ratio:3\/2; margin-bottom:24px;\" class=\"nfd-rounded wp-block-post-featured-image\"><a href=\"https:\/\/fermentierra.com\/en\/manger-vivant\/\" target=\"_self\"  ><img loading=\"lazy\" decoding=\"async\" width=\"760\" height=\"400\" src=\"https:\/\/fermentierra.com\/wp-content\/uploads\/2026\/04\/recolte-chou-choucroute-760x400.jpg\" class=\"attachment-post-thumbnail size-post-thumbnail wp-post-image\" alt=\"La plus ancienne biotechnologie de l\u2019humanit\u00e9\" style=\"width:100%;height:100%;object-fit:cover;\" \/><\/a><\/figure>\n\n\n<div class=\"wp-block-group is-nowrap is-layout-flex wp-container-core-group-is-layout-ad2f72ca wp-block-group-is-layout-flex\">\n<div class=\"nfd-bg-subtle nfd-text-xs nfd-rounded-sm wp-block-group\" style=\"padding-top:4px;padding-right:10px;padding-bottom:4px;padding-left:10px;font-style:normal;font-weight:600;letter-spacing:0.05em;text-transform:uppercase\"><div class=\"wp-block-group__inner-container is-layout-constrained wp-container-core-group-is-layout-ebcd49d3 wp-block-group-is-layout-constrained\"><div class=\"taxonomy-category nfd-text-faded wp-block-post-terms\"><a href=\"https:\/\/fermentierra.com\/en\/category\/vie\/\" rel=\"tag\">Life<\/a><\/div><\/div><\/div>\n<\/div>\n\n\n<h3 style=\"font-style:normal;font-weight:500; margin-top:var(--wp--preset--spacing--20);margin-bottom:var(--wp--preset--spacing--20);\" class=\"nfd-text-lg nfd-text-contrast nfd-text-balance wp-block-post-title\"><a href=\"https:\/\/fermentierra.com\/en\/manger-vivant\/\" target=\"_self\" >La plus ancienne biotechnologie de l\u2019humanit\u00e9<\/a><\/h3>\n\n<div style=\"text-transform:uppercase;\" class=\"nfd-text-faded nfd-text-xs wp-block-post-date\"><time datetime=\"2026-04-24T15:43:26+00:00\">24 April 2026<\/time><\/div>\n<\/li><li class=\"wp-block-post post-40672 post type-post status-publish format-standard has-post-thumbnail hentry category-recettes category-vie tag-idees tag-cuisine tag-dietetique tag-equilibre\">\n<figure style=\"aspect-ratio:3\/2; margin-bottom:24px;\" class=\"nfd-rounded wp-block-post-featured-image\"><a href=\"https:\/\/fermentierra.com\/en\/regle-cuillere-dosage-legumes-fermentes\/\" target=\"_self\"  ><img loading=\"lazy\" decoding=\"async\" width=\"760\" height=\"400\" src=\"https:\/\/fermentierra.com\/wp-content\/uploads\/2026\/02\/legumes-fermentes-dosage-cuillere-760x400.jpg\" class=\"attachment-post-thumbnail size-post-thumbnail wp-post-image\" alt=\"Trop fort ? L\u2019astuce simple pour enfin aimer les l\u00e9gumes ferment\u00e9s\" style=\"width:100%;height:100%;object-fit:cover;\" srcset=\"https:\/\/fermentierra.com\/wp-content\/uploads\/2026\/02\/legumes-fermentes-dosage-cuillere-760x400.jpg 760w, https:\/\/fermentierra.com\/wp-content\/uploads\/2026\/02\/legumes-fermentes-dosage-cuillere-18x10.jpg 18w\" sizes=\"auto, (max-width: 760px) 100vw, 760px\" \/><\/a><\/figure>\n\n\n<div class=\"wp-block-group is-nowrap is-layout-flex wp-container-core-group-is-layout-ad2f72ca wp-block-group-is-layout-flex\">\n<div class=\"nfd-bg-subtle nfd-text-xs nfd-rounded-sm wp-block-group\" style=\"padding-top:4px;padding-right:10px;padding-bottom:4px;padding-left:10px;font-style:normal;font-weight:600;letter-spacing:0.05em;text-transform:uppercase\"><div class=\"wp-block-group__inner-container is-layout-constrained wp-container-core-group-is-layout-ebcd49d3 wp-block-group-is-layout-constrained\"><div class=\"taxonomy-category nfd-text-faded wp-block-post-terms\"><a href=\"https:\/\/fermentierra.com\/en\/category\/recettes\/\" rel=\"tag\">Recipes<\/a><span class=\"wp-block-post-terms__separator\"> \u00b7 <\/span><a href=\"https:\/\/fermentierra.com\/en\/category\/vie\/\" rel=\"tag\">Life<\/a><\/div><\/div><\/div>\n<\/div>\n\n\n<h3 style=\"font-style:normal;font-weight:500; margin-top:var(--wp--preset--spacing--20);margin-bottom:var(--wp--preset--spacing--20);\" class=\"nfd-text-lg nfd-text-contrast nfd-text-balance wp-block-post-title\"><a href=\"https:\/\/fermentierra.com\/en\/regle-cuillere-dosage-legumes-fermentes\/\" target=\"_self\" >Trop fort ? L\u2019astuce simple pour enfin aimer les l\u00e9gumes ferment\u00e9s<\/a><\/h3>\n\n<div style=\"text-transform:uppercase;\" class=\"nfd-text-faded nfd-text-xs wp-block-post-date\"><time datetime=\"2026-04-22T07:20:17+00:00\">22 April 2026<\/time><\/div>\n<\/li><li class=\"wp-block-post post-40911 post type-post status-publish format-standard has-post-thumbnail hentry category-uncategorized\">\n<figure style=\"aspect-ratio:3\/2; margin-bottom:24px;\" class=\"nfd-rounded wp-block-post-featured-image\"><a href=\"https:\/\/fermentierra.com\/en\/legumes-fermentes-tradition-monde\/\" target=\"_self\"  ><img loading=\"lazy\" decoding=\"async\" width=\"740\" height=\"400\" src=\"https:\/\/fermentierra.com\/wp-content\/uploads\/2026\/03\/pickles-japon-740x400.webp\" class=\"attachment-post-thumbnail size-post-thumbnail wp-post-image\" alt=\"Le monde entier mange ferment\u00e9.\" style=\"width:100%;height:100%;object-fit:cover;\" \/><\/a><\/figure>\n\n\n<div class=\"wp-block-group is-nowrap is-layout-flex wp-container-core-group-is-layout-ad2f72ca wp-block-group-is-layout-flex\">\n<div class=\"nfd-bg-subtle nfd-text-xs nfd-rounded-sm wp-block-group\" style=\"padding-top:4px;padding-right:10px;padding-bottom:4px;padding-left:10px;font-style:normal;font-weight:600;letter-spacing:0.05em;text-transform:uppercase\"><div class=\"wp-block-group__inner-container is-layout-constrained wp-container-core-group-is-layout-ebcd49d3 wp-block-group-is-layout-constrained\"><div class=\"taxonomy-category nfd-text-faded wp-block-post-terms\"><a href=\"https:\/\/fermentierra.com\/en\/category\/uncategorized\/\" rel=\"tag\">Uncategorized<\/a><\/div><\/div><\/div>\n<\/div>\n\n\n<h3 style=\"font-style:normal;font-weight:500; margin-top:var(--wp--preset--spacing--20);margin-bottom:var(--wp--preset--spacing--20);\" class=\"nfd-text-lg nfd-text-contrast nfd-text-balance wp-block-post-title\"><a href=\"https:\/\/fermentierra.com\/en\/legumes-fermentes-tradition-monde\/\" target=\"_self\" >Le monde entier mange ferment\u00e9.<\/a><\/h3>\n\n<div style=\"text-transform:uppercase;\" class=\"nfd-text-faded nfd-text-xs wp-block-post-date\"><time datetime=\"2026-04-22T07:00:05+00:00\">22 April 2026<\/time><\/div>\n<\/li><\/ul><\/div>\n<\/div><\/div>","protected":false},"excerpt":{"rendered":"<p>Living fermentation in the heart of French-speaking Switzerland An adventure that began with a jar Five years ago, Fermentierra was born in a kitchen corner, with a simple dream: to rediscover the forgotten virtues of lacto-fermented vegetables. \u00c0&nbsp;<a class=\"read-more\" href=\"https:\/\/fermentierra.com\/en\/fermentierra-5-ans-de-passion-fermentee\/\">...<\/a><\/p>","protected":false},"author":1,"featured_media":38810,"comment_status":"open","ping_status":"open","sticky":false,"template":"","format":"standard","meta":{"_acf_changed":false,"footnotes":""},"categories":[127,41],"tags":[22],"class_list":["post-38791","post","type-post","status-publish","format-standard","has-post-thumbnail","hentry","category-saisons","category-vie","tag-lactofermentation"],"acf":[],"aioseo_notices":[],"_links":{"self":[{"href":"https:\/\/fermentierra.com\/en\/wp-json\/wp\/v2\/posts\/38791","targetHints":{"allow":["GET"]}}],"collection":[{"href":"https:\/\/fermentierra.com\/en\/wp-json\/wp\/v2\/posts"}],"about":[{"href":"https:\/\/fermentierra.com\/en\/wp-json\/wp\/v2\/types\/post"}],"author":[{"embeddable":true,"href":"https:\/\/fermentierra.com\/en\/wp-json\/wp\/v2\/users\/1"}],"replies":[{"embeddable":true,"href":"https:\/\/fermentierra.com\/en\/wp-json\/wp\/v2\/comments?post=38791"}],"version-history":[{"count":0,"href":"https:\/\/fermentierra.com\/en\/wp-json\/wp\/v2\/posts\/38791\/revisions"}],"wp:featuredmedia":[{"embeddable":true,"href":"https:\/\/fermentierra.com\/en\/wp-json\/wp\/v2\/media\/38810"}],"wp:attachment":[{"href":"https:\/\/fermentierra.com\/en\/wp-json\/wp\/v2\/media?parent=38791"}],"wp:term":[{"taxonomy":"category","embeddable":true,"href":"https:\/\/fermentierra.com\/en\/wp-json\/wp\/v2\/categories?post=38791"},{"taxonomy":"post_tag","embeddable":true,"href":"https:\/\/fermentierra.com\/en\/wp-json\/wp\/v2\/tags?post=38791"}],"curies":[{"name":"wp","href":"https:\/\/api.w.org\/{rel}","templated":true}]}}