{"id":40405,"date":"2025-12-19T17:03:34","date_gmt":"2025-12-19T17:03:34","guid":{"rendered":"https:\/\/fermentierra.com\/?p=40405"},"modified":"2026-02-17T12:47:05","modified_gmt":"2026-02-17T12:47:05","slug":"conservation-legumes-fermentes","status":"publish","type":"post","link":"https:\/\/fermentierra.com\/en\/conservation-legumes-fermentes\/","title":{"rendered":"L&rsquo;art de conserver les l\u00e9gumes ferment\u00e9s"},"content":{"rendered":"<link href=\"https:\/\/fonts.googleapis.com\/css2?family=Lato:wght@400;700&family=Playfair+Display:ital,wght@0,400;0,700;1,400&display=swap\" rel=\"stylesheet\">\n\n<script type=\"application\/ld+json\">{\n    \"@context\": \"https:\\\/\\\/schema.org\",\n    \"@type\": \"Article\",\n    \"headline\": \"Mes l\\u00e9gumes ferment\\u00e9s sont-ils \\u00e9ternels ? (Guide de conservation)\",\n    \"description\": \"Combien de temps garder un bocal ? Faut-il le mettre au frigo ? Tout savoir sur la conservation des l\\u00e9gumes lactoferment\\u00e9s.\",\n    \"author\": \"Laurent Cornu\",\n    \"publisher\": {\n        \"@type\": \"Organization\",\n        \"name\": \"Fermentierra\",\n        \"logo\": {\n            \"@type\": \"ImageObject\",\n            \"url\": \"URL_LOGO\"\n        }\n    }\n}<\/script>\n\n<style>\n  \/* GLOBAL *\/\n  .article-fermentierra {\n    font-family: 'Lato', sans-serif;\n    color: #2D3748;\n    line-height: 1.8;\n    font-size: 18px;\n    max-width: 800px;\n    margin: 0 auto;\n  }\n   \n  \/* TITRES *\/\n  .main-title {\n    font-family: 'Playfair Display', serif;\n    color: #127a36;\n    font-size: 38px;\n    line-height: 1.2;\n    text-align: center;\n    margin-bottom: 20px;\n  }\n  .chapeau {\n    font-size: 21px;\n    font-style: italic;\n    color: #555;\n    text-align: center;\n    margin-bottom: 50px;\n    line-height: 1.6;\n  }\n  h2 {\n    font-family: 'Playfair Display', serif;\n    color: #127a36;\n    font-size: 28px;\n    margin-top: 50px;\n    margin-bottom: 25px;\n    border-bottom: 3px solid #19ac4d;\n    display: inline-block;\n    padding-bottom: 5px;\n  }\n  h3 { color: #19ac4d; margin-top: 20px; font-size: 22px; font-weight: 700; font-family: 'Playfair Display', serif; }\n\n  \/* IMAGE INFOGRAPHIE *\/\n  .infographie-feature {\n    margin: 30px 0 45px 0;\n    text-align: center;\n  }\n  .infographie-feature img {\n    width: 100%;\n    max-width: 800px;\n    height: auto;\n    border-radius: 14px;\n    box-shadow: 0 10px 30px rgba(0,0,0,0.08);\n    border: 1px solid #e6efe9;\n  }\n  .infographie-feature figcaption {\n    font-size: 14px;\n    color: #6b7280;\n    margin-top: 10px;\n  }\n\n  \/* LE COIN DES FERMENTEURS (Style repris) *\/\n  .science-box {\n    background: #f4fcf7;\n    border: 1px solid #ccebd6;\n    border-radius: 12px;\n    padding: 30px;\n    margin: 40px 0;\n    position: relative;\n  }\n  .science-box::before {\n    content: \"\ud83e\uddec Le Coin des Fermenteurs\";\n    position: absolute;\n    top: -12px;\n    left: 20px;\n    background: #19ac4d;\n    color: white;\n    padding: 4px 15px;\n    border-radius: 20px;\n    font-size: 13px;\n    font-weight: bold;\n    text-transform: uppercase;\n    letter-spacing: 1px;\n  }\n\n  \/* ASTUCES *\/\n  .myth-buster {\n    background: #f0fdf4;\n    border: 1px solid #19ac4d;\n    border-radius: 12px;\n    padding: 25px;\n    margin: 30px 0;\n  }\n\n  \/* BOUTON *\/\n  .btn-primary {\n    display: inline-block; background-color: #19ac4d; color: white !important;\n    padding: 15px 35px; border-radius: 50px; text-decoration: none;\n    font-weight: 700; text-transform: uppercase; margin-top: 20px;\n    transition: transform 0.2s;\n  }\n  .btn-primary:hover { transform: translateY(-3px); background-color: #127a36; }\n<\/style>\n\n<div class=\"article-fermentierra\">\n\n  <header>\n    <h1 class=\"main-title\">Mes l\u00e9gumes ferment\u00e9s sont-ils \u00e9ternels ?<\/h1>\n    <p class=\"chapeau\">\n      Vous avez retrouv\u00e9 un bocal de Suisse-Chi au fond du placard dont la date est d\u00e9pass\u00e9e ? Pas de panique. Avant de le jeter, rappelons-nous pourquoi la fermentation a \u00e9t\u00e9 invent\u00e9e.\n    <\/p>\n  <\/header>\n\n  <!-- \u2705 INFOGRAPHIE INT\u00c9GR\u00c9E ICI -->\n  <figure class=\"infographie-feature\">\n    <img\n      src=\"http:\/\/fermentierra.com\/wp-content\/uploads\/2025\/12\/data-infograph.webp\"\n      alt=\"Infographie Fermentierra : Les l\u00e9gumes ferment\u00e9s \u2014 p\u00e9remption ou pas de panique ? (guide de conservation)\"\n      loading=\"lazy\"\n      decoding=\"async\"\n    >\n    <figcaption>Guide visuel : conservation, ouverture et signes \u00e0 v\u00e9rifier.<\/figcaption>\n  <\/figure>\n\n  <p>\n    <span style=\"float: left; font-family: 'Playfair Display', serif; font-size: 60px; line-height: 50px; padding-right: 15px; color: #19ac4d; font-weight: bold;\">I<\/span>l y a une grande ironie dans le monde de la fermentation. Nous utilisons une m\u00e9thode ancestrale con\u00e7ue sp\u00e9cifiquement pour conserver les l\u00e9gumes pendant des mois (voire des ann\u00e9es) sans \u00e9lectricit\u00e9\u2026 et pourtant, la loi nous oblige \u00e0 mettre une date sur le bocal.\n  <\/p>\n  <p>\n    Alors, que signifie vraiment cette date pour un produit vivant comme ceux de Fermentierra ?\n  <\/p>\n\n  <h2>1. Une date pour la qualit\u00e9, pas pour la s\u00e9curit\u00e9<\/h2>\n  <p>\n    Contrairement \u00e0 une viande fra\u00eeche qui devient risqu\u00e9e une fois la date pass\u00e9e, nos l\u00e9gumes portent une <strong>DDM<\/strong> (Date de Durabilit\u00e9 Minimale). Cela signifie : <em>\u00ab\u00a0\u00c0 consommer de pr\u00e9f\u00e9rence avant le\u2026\u00a0\u00bb<\/em>.\n  <\/p>\n  <p>\n    Une fois cette date pass\u00e9e, le produit ne devient pas toxique. Il peut simplement \u00e9voluer (devenir plus acide ou plus mou).\n  <\/p>\n\n  <div class=\"science-box\">\n    <h3>Pourquoi est-ce impossible que \u00e7a devienne toxique ?<\/h3>\n    <p>\n      C\u2019est une simple question de <strong>pH<\/strong>.\n    <\/p>\n    <p>\n      Les bact\u00e9ries lactiques que nous cultivons se nourrissent des sucres du l\u00e9gume et produisent de l\u2019acide lactique. Cela fait chuter le pH du bocal en dessous de 4.5.\n    <\/p>\n    <p>\n      <strong>Le secret est l\u00e0 :<\/strong> Les bact\u00e9ries pathog\u00e8nes qui nous rendent malades (Listeria, E. Coli, Botulisme\u2026) sont incapables de survivre dans un milieu aussi acide. C\u2019est la s\u00e9curit\u00e9 alimentaire la plus fiable et naturelle qui soit.\n    <\/p>\n  <\/div>\n\n  <h2>2. Avant ouverture : Le placard suffit !<\/h2>\n  <p>\n    C\u2019est souvent une surprise pour nos nouveaux clients : <strong>Non, vous n\u2019avez pas besoin de stocker nos bocaux ferm\u00e9s au frigo.<\/strong>\n  <\/p>\n  <p>\n    Notre gamme actuelle est stabilis\u00e9e. La fermentation a atteint un point d\u2019\u00e9quilibre qui permet au bocal de rester sagement \u00e0 temp\u00e9rature ambiante dans votre cuisine ou votre garde-manger. C\u2019est tout l\u2019int\u00e9r\u00eat de cette m\u00e9thode \u00ab\u00a0low-tech\u00a0\u00bb !\n  <\/p>\n\n  <h2>3. \u00c0 l\u2019ouverture : \u00ab\u00a0Pschitt\u00a0\u00bb ou pas \u00ab\u00a0Pschitt\u00a0\u00bb ?<\/h2>\n  <p>\n    Quand vous ouvrez le bocal, il peut arriver que vous entendiez un petit gaz s\u2019\u00e9chapper.\n  <\/p>\n  <ul style=\"padding-left: 20px;\">\n      <li style=\"margin-bottom: 10px;\"><strong>Si \u00e7a le fait :<\/strong> C\u2019est normal, c\u2019est le signe que le produit est vivant.<\/li>\n      <li style=\"margin-bottom: 10px;\"><strong>Si \u00e7a ne le fait pas :<\/strong> C\u2019est normal aussi ! Cela veut dire que la fermentation est calme.<\/li>\n  <\/ul>\n  <p>\n    Dans les deux cas, fiez-vous \u00e0 votre nez : \u00e7a doit sentir l\u2019acidit\u00e9 franche, le vinaigre, les \u00e9pices. Si \u00e7a sent bon, c\u2019est bon !\n  <\/p>\n\n  <h2>4. Apr\u00e8s ouverture : Variez les plaisirs !<\/h2>\n  <p>\n    Une fois entam\u00e9, l\u2019oxyg\u00e8ne rentre dans le bocal. Nous vous recommandons donc de le placer au <strong>refrigerator<\/strong> pour pr\u00e9server son croquant.\n  <\/p>\n  \n  <h3>Combien de temps \u00e7a se garde ?<\/h3>\n  <p>\n    Tant que le go\u00fbt est acidul\u00e9, l\u2019odeur agr\u00e9able et l\u2019aspect non alt\u00e9r\u00e9, <strong>les l\u00e9gumes peuvent se conserver des mois une fois ouverts<\/strong> au r\u00e9frig\u00e9rateur.\n  <\/p>\n  \n  <div class=\"myth-buster\">\n    <h3 style=\"margin-top:0; color:#127a36;\">\ud83d\udca1 L\u2019Astuce Fermentierra<\/h3>\n    <p>\n      N\u2019ayez pas peur d\u2019ouvrir <strong>plusieurs bocaux \u00e0 la fois<\/strong> !\n    <\/p>\n    <p>\n      Puisqu\u2019ils se conservent tr\u00e8s longtemps au frigo, vous pouvez avoir un pot de <em>Swiss-Chi<\/em>, un pot de <em>Carottes<\/em> et un <em>Symbiotonic<\/em> ouverts en m\u00eame temps.\n    <\/p>\n    <p>\n      Cela vous permet de varier les plaisirs \u00e0 chaque repas sans la pression de devoir \u00ab\u00a0finir le pot vite fait\u00a0\u00bb. C\u2019est votre bar \u00e0 fermentation \u00e0 domicile.\n    <\/p>\n  <\/div>\n\n  <h3>Le petit point \u00ab\u00a0Levure\u00a0\u00bb<\/h3>\n  <p>\n    Si vous les gardez tr\u00e8s longtemps, une fine pellicule blanche (levure Kahm) peut parfois se former en surface. Ce n\u2019est pas dangereux. Retirez-la simplement avec une cuill\u00e8re, le dessous est intact.\n    <em>(Note : Cela arrive tr\u00e8s rarement si le bocal est stock\u00e9 au frais).<\/em>\n  <\/p>\n\n  <h2>En r\u00e9sum\u00e9<\/h2>\n  <p>\n    La lacto-fermentation est une m\u00e9thode de r\u00e9silience. Ne jetez pas un bocal juste pour une date sur une \u00e9tiquette. Ouvrez, sentez, go\u00fbtez\u2026 et profitez !\n  <\/p>\n\n  <div style=\"text-align:center; margin-top:50px;\">\n    <a href=\"https:\/\/fermentierra.com\/en\/\" class=\"btn-primary\">Remplir mon placard (puis mon frigo !)<\/a>\n  <\/div>\n\n<\/div>","protected":false},"excerpt":{"rendered":"<p>Mes l\u00e9gumes ferment\u00e9s sont-ils \u00e9ternels ? Vous avez retrouv\u00e9 un bocal de Suisse-Chi au fond du placard dont la date est d\u00e9pass\u00e9e ? Pas de panique. Avant de le jeter, rappelons-nous pourquoi la fermentation a \u00e9t\u00e9 invent\u00e9e. Guide visuel : conservation, ouverture et signes \u00e0&nbsp;<a class=\"read-more\" href=\"https:\/\/fermentierra.com\/en\/conservation-legumes-fermentes\/\">...<\/a><\/p>","protected":false},"author":234,"featured_media":40417,"comment_status":"open","ping_status":"open","sticky":false,"template":"","format":"standard","meta":{"_acf_changed":false,"footnotes":""},"categories":[1],"tags":[],"class_list":["post-40405","post","type-post","status-publish","format-standard","has-post-thumbnail","hentry","category-uncategorized"],"acf":[],"aioseo_notices":[],"_links":{"self":[{"href":"https:\/\/fermentierra.com\/en\/wp-json\/wp\/v2\/posts\/40405","targetHints":{"allow":["GET"]}}],"collection":[{"href":"https:\/\/fermentierra.com\/en\/wp-json\/wp\/v2\/posts"}],"about":[{"href":"https:\/\/fermentierra.com\/en\/wp-json\/wp\/v2\/types\/post"}],"author":[{"embeddable":true,"href":"https:\/\/fermentierra.com\/en\/wp-json\/wp\/v2\/users\/234"}],"replies":[{"embeddable":true,"href":"https:\/\/fermentierra.com\/en\/wp-json\/wp\/v2\/comments?post=40405"}],"version-history":[{"count":3,"href":"https:\/\/fermentierra.com\/en\/wp-json\/wp\/v2\/posts\/40405\/revisions"}],"predecessor-version":[{"id":40645,"href":"https:\/\/fermentierra.com\/en\/wp-json\/wp\/v2\/posts\/40405\/revisions\/40645"}],"wp:featuredmedia":[{"embeddable":true,"href":"https:\/\/fermentierra.com\/en\/wp-json\/wp\/v2\/media\/40417"}],"wp:attachment":[{"href":"https:\/\/fermentierra.com\/en\/wp-json\/wp\/v2\/media?parent=40405"}],"wp:term":[{"taxonomy":"category","embeddable":true,"href":"https:\/\/fermentierra.com\/en\/wp-json\/wp\/v2\/categories?post=40405"},{"taxonomy":"post_tag","embeddable":true,"href":"https:\/\/fermentierra.com\/en\/wp-json\/wp\/v2\/tags?post=40405"}],"curies":[{"name":"wp","href":"https:\/\/api.w.org\/{rel}","templated":true}]}}